{"id":409695,"date":"2024-08-13T15:20:26","date_gmt":"2024-08-13T13:20:26","guid":{"rendered":"https:\/\/www.pcnen.com\/portal\/?p=409695"},"modified":"2024-08-13T15:20:26","modified_gmt":"2024-08-13T13:20:26","slug":"ijz-ne-izdavati-potvrde-za-vrtic-nevakcinisanoj-djeci","status":"publish","type":"post","link":"https:\/\/www.pcnen.com\/portal\/2024\/08\/13\/ijz-ne-izdavati-potvrde-za-vrtic-nevakcinisanoj-djeci\/","title":{"rendered":"IJZ: Ne izdavati potvrde za vrti\u0107 nevakcinisanoj djeci"},"content":{"rendered":"<p>Institut za javno zdravlje (IJZ) uputio je domovima zdravlja preporuku da do 15. avgusta ne izdaju potvrde o boravku u pred\u0161kolskim ustanovama djeci koja nijesu potpuno vakcinisana u skladu sa uzrastom.<\/p>\n<p>Iz IJZ-a su za portal Roditelji rekli da je ta preporuka donesena zbog pogor\u0161anja epidemiolo\u0161ke situacije u vezi sa morbilima, kao i potrebe za dopunom obrasca potvrde sa konkretnim savjetima za roditelje, prenosi Mina.<\/p>\n<p>U toj zdravstvenoj ustanovi smatraju da djeca koja nijesu vakcinisana, posebno protiv bolesti kao \u0161to su morbili, zau\u0161ke, rubeola i pertusis, ne bi trebalo da poha\u0111aju pred\u0161kolske ustanove.<\/p>\n<p>\u201eMe\u0111utim, IJZ nije nadle\u017ean za dono\u0161enje takvih odluka, pa ih ne mo\u017eemo donositi\u201d, kazali su IJZ.<\/p>\n<p>Iz te zdravstvene ustanove su istakli da su izuzetno zabrinuti da bi po\u010detkom nove \u0161kolske godine moglo do\u0107i do zna\u010dajnog pogor\u0161anja situacije, \u0161to bi ozbiljno ugrozilo zdravlje ve\u0107eg broja djece.<\/p>\n<p>\u201cZbog toga je va\u017eno da precizno komuniciramo rizike i pru\u017eimo odgovaraju\u0107e savjete i preporuke. Neophodno je da svi preuzmu svoj dio odgovornosti, po\u010dev\u0161i od roditelja, pa do svih karika u sistemu\u201d, kazali su iz IJZ.<\/p>\n<p>Prema va\u017ee\u0107im propisima u Crnoj Gori, vakcinalni status djeteta nije uslov za njegov upis i boravak u vrti\u0107u.<\/p>\n<p>Uo\u010di po\u010detka nove \u0161kolske godine roditelja su u obavezi da od izabranih pedijatara preuzmu potvrdu o zdravstvenoj sposobnosti djeteta.<\/p>\n<p>Dosada\u0161nja praksa nekih pedijatara je bila da nagla\u0161avaju na potvrdama da djeca nijesu vakcinisana, dok su neke njihove kolege koristile napomenu da je proces vakcinacije u toku.<\/p>\n","protected":false},"excerpt":{"rendered":"<p>Institut za javno zdravlje (IJZ) uputio je domovima zdravlja preporuku da do 15. avgusta ne izdaju potvrde o boravku u pred\u0161kolskim ustanovama djeci koja nijesu potpuno vakcinisana u skladu sa uzrastom.<\/p>\n","protected":false},"author":1,"featured_media":407725,"comment_status":"open","ping_status":"closed","sticky":false,"template":"","format":"standard","meta":{"_seopress_robots_primary_cat":"none","_seopress_titles_title":"","_seopress_titles_desc":"","_seopress_robots_index":"","_et_pb_use_builder":"","_et_pb_old_content":"","_et_gb_content_width":"","inline_featured_image":false,"footnotes":""},"categories":[14],"tags":[],"class_list":["post-409695","post","type-post","status-publish","format-standard","has-post-thumbnail","hentry","category-vijesti"],"_links":{"self":[{"href":"https:\/\/www.pcnen.com\/portal\/wp-json\/wp\/v2\/posts\/409695","targetHints":{"allow":["GET"]}}],"collection":[{"href":"https:\/\/www.pcnen.com\/portal\/wp-json\/wp\/v2\/posts"}],"about":[{"href":"https:\/\/www.pcnen.com\/portal\/wp-json\/wp\/v2\/types\/post"}],"author":[{"embeddable":true,"href":"https:\/\/www.pcnen.com\/portal\/wp-json\/wp\/v2\/users\/1"}],"replies":[{"embeddable":true,"href":"https:\/\/www.pcnen.com\/portal\/wp-json\/wp\/v2\/comments?post=409695"}],"version-history":[{"count":1,"href":"https:\/\/www.pcnen.com\/portal\/wp-json\/wp\/v2\/posts\/409695\/revisions"}],"predecessor-version":[{"id":409698,"href":"https:\/\/www.pcnen.com\/portal\/wp-json\/wp\/v2\/posts\/409695\/revisions\/409698"}],"wp:featuredmedia":[{"embeddable":true,"href":"https:\/\/www.pcnen.com\/portal\/wp-json\/wp\/v2\/media\/407725"}],"wp:attachment":[{"href":"https:\/\/www.pcnen.com\/portal\/wp-json\/wp\/v2\/media?parent=409695"}],"wp:term":[{"taxonomy":"category","embeddable":true,"href":"https:\/\/www.pcnen.com\/portal\/wp-json\/wp\/v2\/categories?post=409695"},{"taxonomy":"post_tag","embeddable":true,"href":"https:\/\/www.pcnen.com\/portal\/wp-json\/wp\/v2\/tags?post=409695"}],"curies":[{"name":"wp","href":"https:\/\/api.w.org\/{rel}","templated":true}]}}