{"id":409636,"date":"2024-08-12T15:18:30","date_gmt":"2024-08-12T13:18:30","guid":{"rendered":"https:\/\/www.pcnen.com\/portal\/?p=409636"},"modified":"2024-08-12T15:18:30","modified_gmt":"2024-08-12T13:18:30","slug":"mujovic-trazi-smjenu-odbora-direktora-epcg-solar-gradnje","status":"publish","type":"post","link":"https:\/\/www.pcnen.com\/portal\/2024\/08\/12\/mujovic-trazi-smjenu-odbora-direktora-epcg-solar-gradnje\/","title":{"rendered":"Mujovi\u0107 tra\u017ei smjenu Odbora direktora EPCG Solar gradnje"},"content":{"rendered":"<p>Ministar energetike Sa\u0161a Mujovi\u0107 je zatra\u017eio danas od Odbora direktora Elektroprivrede Crne Gore (EPCG) da pokrenu postupak smjene Odbora direktora EPCG Solar gradnje.<\/p>\n<p>Mujovi\u0107 je iznena\u0111en odlukama Odbora direktora EPCG Solar gradnja \u201ckoji ne samo da nijesu u skladu sa dogovorenim principima rada koji su usagla\u0161eni na redovnim kolegijumima u Ministarstvu energetike, ve\u0107 su i suprotne osnovnim postulatima saradnje na relaciji Ministarstvo-energetski subjekti\u201d.<\/p>\n<p>\u201cOdbor direktora EPCG Solar gradnja smijenio je izvr\u0161nu direktoricu Valeriju Savelji\u0107 bez bilo kakve argumentacije o propustima u radu koje je eventualno po\u010dinila, \u0161to navodi na sumnju da se radi o politi\u010dki motivisanoj smjeni. Ministarstvo, kao ni ministar li\u010dno, ne \u017eele da budu dio toga. Dodatno, EPCG \u0107e biti u obavezi da isplati pozama\u0161nu nov\u010danu nadoknadu gospo\u0111i Savelji\u0107, a po osnovu raskida ugovora. Ovo je posebno va\u017eno zbog dolaze\u0107e 2025.godine i velikih tro\u0161kova kojima \u0107e biti izlo\u017eena EPCG\u201d, navodi se u saop\u0161tenju Ministarstva energetike.<\/p>\n<p>Iznena\u0111uju\u0107e je, dodaju, i da se ovakve odluke donose uprkos dogovoru da se u septembru razmotre poslovni aran\u017emani kompanija i rezultati u prvih pola godine, nakon \u010dega bi uslijedili i dalji potezi u kadrovskom smislu, kao i u formuliranju biznis planova.<\/p>\n<p>\u201cZbog svega navedenog, ministar Mujovi\u0107 je pokrenuo proceduru smjene Odbora direktora EPCG Solar gradnje, kao logi\u010dnog i jedinog mogu\u0107eg poteza nakon svih navedenih propusta u radu ovog organa\u201d, zaklju\u010duju iz Ministarstva.<\/p>\n","protected":false},"excerpt":{"rendered":"<p>Ministar energetike Sa\u0161a Mujovi\u0107 je zatra\u017eio danas od Odbora direktora Elektroprivrede Crne Gore (EPCG) da pokrenu postupak smjene Odbora direktora EPCG Solar gradnje.<\/p>\n","protected":false},"author":1,"featured_media":405453,"comment_status":"open","ping_status":"closed","sticky":false,"template":"","format":"standard","meta":{"_seopress_robots_primary_cat":"none","_seopress_titles_title":"","_seopress_titles_desc":"","_seopress_robots_index":"","_et_pb_use_builder":"","_et_pb_old_content":"","_et_gb_content_width":"","inline_featured_image":false,"footnotes":""},"categories":[14],"tags":[],"class_list":["post-409636","post","type-post","status-publish","format-standard","has-post-thumbnail","hentry","category-vijesti"],"_links":{"self":[{"href":"https:\/\/www.pcnen.com\/portal\/wp-json\/wp\/v2\/posts\/409636","targetHints":{"allow":["GET"]}}],"collection":[{"href":"https:\/\/www.pcnen.com\/portal\/wp-json\/wp\/v2\/posts"}],"about":[{"href":"https:\/\/www.pcnen.com\/portal\/wp-json\/wp\/v2\/types\/post"}],"author":[{"embeddable":true,"href":"https:\/\/www.pcnen.com\/portal\/wp-json\/wp\/v2\/users\/1"}],"replies":[{"embeddable":true,"href":"https:\/\/www.pcnen.com\/portal\/wp-json\/wp\/v2\/comments?post=409636"}],"version-history":[{"count":1,"href":"https:\/\/www.pcnen.com\/portal\/wp-json\/wp\/v2\/posts\/409636\/revisions"}],"predecessor-version":[{"id":409639,"href":"https:\/\/www.pcnen.com\/portal\/wp-json\/wp\/v2\/posts\/409636\/revisions\/409639"}],"wp:featuredmedia":[{"embeddable":true,"href":"https:\/\/www.pcnen.com\/portal\/wp-json\/wp\/v2\/media\/405453"}],"wp:attachment":[{"href":"https:\/\/www.pcnen.com\/portal\/wp-json\/wp\/v2\/media?parent=409636"}],"wp:term":[{"taxonomy":"category","embeddable":true,"href":"https:\/\/www.pcnen.com\/portal\/wp-json\/wp\/v2\/categories?post=409636"},{"taxonomy":"post_tag","embeddable":true,"href":"https:\/\/www.pcnen.com\/portal\/wp-json\/wp\/v2\/tags?post=409636"}],"curies":[{"name":"wp","href":"https:\/\/api.w.org\/{rel}","templated":true}]}}