{"id":409572,"date":"2024-08-11T17:27:39","date_gmt":"2024-08-11T15:27:39","guid":{"rendered":"https:\/\/www.pcnen.com\/portal\/?p=409572"},"modified":"2024-08-11T17:28:19","modified_gmt":"2024-08-11T15:28:19","slug":"nesreca-na-trajektu-u-hrvatskoj-ima-poginulih","status":"publish","type":"post","link":"https:\/\/www.pcnen.com\/portal\/2024\/08\/11\/nesreca-na-trajektu-u-hrvatskoj-ima-poginulih\/","title":{"rendered":"Nesre\u0107a na trajektu u Hrvatskoj, ima poginulih"},"content":{"rendered":"<p>Dva mornara su poginula, a jedan je povrije\u0111en u nesre\u0107i na trajektu &#8220;\u0408adrolinije&#8221; u Malom Lo\u0161inju<a href=\"https:\/\/www.jutarnji.hr\/vijesti\/crna-kronika\/rampa-trajekta-priklijestila-mornare-dva-poginula-jedan-tesko-ozlijeden-oglasili-se-policija-i-jadrolinija-duboko-smo-potreseni-15491177\">, pi\u0161e \u0408utarnji list.<\/a><\/p>\n<p>Prema nezvani\u010dnim informacijama, do\u0161lo je do pada ulazne rampe trajekta, koja je priklije\u0161tila tri mornara &#8220;\u0408adrolinije&#8221;, od kojih su dva poginula, a jedan je te\u0161ko povrije\u0111en.<\/p>\n<p>Rije\u010d je o trajektu koji je trebalo u 16.00 \u010dasova da isplovi prema Zadru.<\/p>\n","protected":false},"excerpt":{"rendered":"<p>Dva mornara su poginula, a jedan je povrije\u0111en u nesre\u0107i na trajektu &#8220;\u0408adrolinije&#8221; u Malom Lo\u0161inju, pi\u0161e \u0408utarnji list.<\/p>\n","protected":false},"author":1,"featured_media":409575,"comment_status":"open","ping_status":"closed","sticky":false,"template":"","format":"standard","meta":{"_seopress_robots_primary_cat":"none","_seopress_titles_title":"","_seopress_titles_desc":"","_seopress_robots_index":"","_et_pb_use_builder":"","_et_pb_old_content":"","_et_gb_content_width":"","inline_featured_image":false,"footnotes":""},"categories":[14],"tags":[],"class_list":["post-409572","post","type-post","status-publish","format-standard","has-post-thumbnail","hentry","category-vijesti"],"_links":{"self":[{"href":"https:\/\/www.pcnen.com\/portal\/wp-json\/wp\/v2\/posts\/409572","targetHints":{"allow":["GET"]}}],"collection":[{"href":"https:\/\/www.pcnen.com\/portal\/wp-json\/wp\/v2\/posts"}],"about":[{"href":"https:\/\/www.pcnen.com\/portal\/wp-json\/wp\/v2\/types\/post"}],"author":[{"embeddable":true,"href":"https:\/\/www.pcnen.com\/portal\/wp-json\/wp\/v2\/users\/1"}],"replies":[{"embeddable":true,"href":"https:\/\/www.pcnen.com\/portal\/wp-json\/wp\/v2\/comments?post=409572"}],"version-history":[{"count":2,"href":"https:\/\/www.pcnen.com\/portal\/wp-json\/wp\/v2\/posts\/409572\/revisions"}],"predecessor-version":[{"id":409577,"href":"https:\/\/www.pcnen.com\/portal\/wp-json\/wp\/v2\/posts\/409572\/revisions\/409577"}],"wp:featuredmedia":[{"embeddable":true,"href":"https:\/\/www.pcnen.com\/portal\/wp-json\/wp\/v2\/media\/409575"}],"wp:attachment":[{"href":"https:\/\/www.pcnen.com\/portal\/wp-json\/wp\/v2\/media?parent=409572"}],"wp:term":[{"taxonomy":"category","embeddable":true,"href":"https:\/\/www.pcnen.com\/portal\/wp-json\/wp\/v2\/categories?post=409572"},{"taxonomy":"post_tag","embeddable":true,"href":"https:\/\/www.pcnen.com\/portal\/wp-json\/wp\/v2\/tags?post=409572"}],"curies":[{"name":"wp","href":"https:\/\/api.w.org\/{rel}","templated":true}]}}