{"id":409560,"date":"2024-08-11T13:54:42","date_gmt":"2024-08-11T11:54:42","guid":{"rendered":"https:\/\/www.pcnen.com\/portal\/?p=409560"},"modified":"2024-08-11T13:54:42","modified_gmt":"2024-08-11T11:54:42","slug":"hrvatskom-poslaniku-zabranjen-ulazak-u-srbiju","status":"publish","type":"post","link":"https:\/\/www.pcnen.com\/portal\/2024\/08\/11\/hrvatskom-poslaniku-zabranjen-ulazak-u-srbiju\/","title":{"rendered":"Hrvatskom poslaniku zabranjen ulazak u Srbiju"},"content":{"rendered":"<p>Saborskom zastupniku i predsjedniku Hrvatskih suverenista Marijanu Pavli\u010deku je zabranjen ulazak u Republiku Srbiju, potvrdili su Pavli\u010dek i njegova stranka.<\/p>\n<p>Pavli\u010dek je trebao slu\u017ebeno, kao poslanik i \u010dlan saborskog Odbora za Hrvate izvan Hrvatske, da prisustvuje manifestaciji bunjeva\u010dkih Hrvata, Du\u017eijanca u Subotici.<\/p>\n<p>Hini je Pavli\u010dek rekao da je zaustavljen na grani\u010dnom prelazu Erdut-Bogojevo, gdje mu je nakon sat vremena zadr\u017eavanja na granici zabranjen ulazak u Srbiju, uprkos diplomatskom paso\u0161u i zvani\u010dnoj najavi da \u0107e pre\u0107i dr\u017eavnu granicu.<\/p>\n<p>&#8220;Nakon sat \u010dekanja, srpski grani\u010dni policajci rekli su mi da nemaju nikakve slu\u017ebene informacije o najavljenom slu\u017ebenom dolasku. Iako je sve odra\u0111eno po protokolu, o\u010digledno njima nije saop\u0161teno&#8221;, rekao je on, prenosi Index.hr.<\/p>\n<p>Potvrdio je da se u istoj situaciji na\u0161ao i prije dvije godine, ali i objasnio da tada dolazak nije bio slu\u017ebeno najavljen, kao sada.<\/p>\n<p>Hrvatski suverenisti su zatra\u017eili su od Ministarstva spoljnih poslova upu\u0107ivanje diplomatske note Srbiji kao i uvo\u0111enje politike reciprociteta.<\/p>\n<p>&#8220;Nepojmljivo je da se hrvatskim dr\u017eavnim du\u017enosnicima onemogu\u0107ava ulazak u Republiku Srbiju kako bi podr\u017eali kulturno djelovanje hrvatske zajednice u Vojvodini, a istovremeno srbijanski du\u017enosnici, kako dr\u017eavni, tako i lokalni, slobodno prisustvuju raznim kulturnim manifestacija srpske nacionalne manjine u Hrvatskoj&#8221;, poru\u010dili su Suverenisti.<\/p>\n","protected":false},"excerpt":{"rendered":"<p>Saborskom zastupniku i predsjedniku Hrvatskih suverenista Marijanu Pavli\u010deku je zabranjen ulazak u Republiku Srbiju, potvrdili su Pavli\u010dek i njegova stranka.<\/p>\n","protected":false},"author":1,"featured_media":300300,"comment_status":"open","ping_status":"closed","sticky":false,"template":"","format":"standard","meta":{"_seopress_robots_primary_cat":"none","_seopress_titles_title":"","_seopress_titles_desc":"","_seopress_robots_index":"","_et_pb_use_builder":"","_et_pb_old_content":"","_et_gb_content_width":"","inline_featured_image":false,"footnotes":""},"categories":[14],"tags":[],"class_list":["post-409560","post","type-post","status-publish","format-standard","has-post-thumbnail","hentry","category-vijesti"],"_links":{"self":[{"href":"https:\/\/www.pcnen.com\/portal\/wp-json\/wp\/v2\/posts\/409560","targetHints":{"allow":["GET"]}}],"collection":[{"href":"https:\/\/www.pcnen.com\/portal\/wp-json\/wp\/v2\/posts"}],"about":[{"href":"https:\/\/www.pcnen.com\/portal\/wp-json\/wp\/v2\/types\/post"}],"author":[{"embeddable":true,"href":"https:\/\/www.pcnen.com\/portal\/wp-json\/wp\/v2\/users\/1"}],"replies":[{"embeddable":true,"href":"https:\/\/www.pcnen.com\/portal\/wp-json\/wp\/v2\/comments?post=409560"}],"version-history":[{"count":1,"href":"https:\/\/www.pcnen.com\/portal\/wp-json\/wp\/v2\/posts\/409560\/revisions"}],"predecessor-version":[{"id":409563,"href":"https:\/\/www.pcnen.com\/portal\/wp-json\/wp\/v2\/posts\/409560\/revisions\/409563"}],"wp:featuredmedia":[{"embeddable":true,"href":"https:\/\/www.pcnen.com\/portal\/wp-json\/wp\/v2\/media\/300300"}],"wp:attachment":[{"href":"https:\/\/www.pcnen.com\/portal\/wp-json\/wp\/v2\/media?parent=409560"}],"wp:term":[{"taxonomy":"category","embeddable":true,"href":"https:\/\/www.pcnen.com\/portal\/wp-json\/wp\/v2\/categories?post=409560"},{"taxonomy":"post_tag","embeddable":true,"href":"https:\/\/www.pcnen.com\/portal\/wp-json\/wp\/v2\/tags?post=409560"}],"curies":[{"name":"wp","href":"https:\/\/api.w.org\/{rel}","templated":true}]}}