{"id":409548,"date":"2024-08-11T10:09:49","date_gmt":"2024-08-11T08:09:49","guid":{"rendered":"https:\/\/www.pcnen.com\/portal\/?p=409548"},"modified":"2024-08-11T10:17:47","modified_gmt":"2024-08-11T08:17:47","slug":"beograd-policija-izbacila-protestante-sa-zeljeznicke-stanice-prokop-video","status":"publish","type":"post","link":"https:\/\/www.pcnen.com\/portal\/2024\/08\/11\/beograd-policija-izbacila-protestante-sa-zeljeznicke-stanice-prokop-video\/","title":{"rendered":"Beograd: Policija izbacila protestante sa \u017eeljezni\u010dke stanice Prokop (video)"},"content":{"rendered":"<p>Demonstranti koji su sino\u0107 blokirali prugu tokom protesta protiv najave iskopavanja litijuma jutros su se povukli sa pruge posle dolaska policije, potvr\u0111eno je RTS-u. Tako\u0111e, policajci u opremi za razbijanje demonstracije izbacili su oko 5.30 sati u\u010desnike protesta zbog najavljenog iskopavanja litijuma sa \u017eeljezni\u010dke stanice Prokop u Beogradu.<\/p>\n<p>Kako je agenciji Beta rekao jedan od u\u010desnika protesta, policajci su tokom intervencije koristili \u0161titove kako bi gra\u0111ane izgurali iz tog objekta.<\/p>\n<p>Ispred \u017eeljezni\u010dke stanice trenutno je par desetina policajaca u opremi za razbijanje demonstracija.<\/p>\n<p>Tokom no\u0107i je grupa od vi\u0161e desetina u\u010desnika protesta blokirala \u017eeljezni\u010dku stanicu Prokop a posle policijske intervencije uputili su se ka Pionirskom parku.<\/p>\n<p>Na \u017eeljezni\u010dkoj stanici Novi Beograd jutros je bilo 50-ak demonstranata na pruzi, gdje su imali \u0161atore i transparente, a po\u0161to je poslata policijska brigada, demonstranti su se udaljili ka okolnim ulicama.<\/p>\n<p>Manja grupa ljudi je ostala na parkingu, a neki od njih spavaju u automobilima.<\/p>\n<p>U\u010desnici protesta protiv najave iskopavanja litijuma i kompanije Rio Tinto sino\u0107 su blokirali dvije \u017eeljezni\u010dke stanice u glavnom gradu, a manje grupe ljudi ostale su na stanicama &#8220;Prokop&#8221; i &#8220;Novi Beograd&#8221;.<\/p>\n<p>Organizatori su ranije saop\u0161tili da je njihov zahtjev da se donese zakon o trajnoj zabrani iskopavanja litijuma i bora u Srbiji, a jedan od organizatora predsjednik udru\u017eenja &#8220;Ne damo Jadar&#8221; Zlatko Kokanovi\u0107 rekao je u subotu ve\u010de da \u0107e blokade trajati dok se taj zahtjev ne ispuni.<\/p>\n<p>Protest pod parolom &#8220;Rudnika ne\u0107e biti&#8221; po\u010deo je sino\u0107 na Terazijama ne\u0161to prije 19 sati, gdje su se okupljenima obratili glumica Jelena Stupljanin, predsjednik udru\u017eenja &#8220;Ne damo Jadar&#8221; Zlatko Kokanovi\u0107, pjesnikinja Ljiljana Bralovi\u0107 iz Saveza ekolo\u0161kih organizacija Srbije (SEOS), glumica Svetlana Bojkovi\u0107 i nau\u010dni savjetnik Instituta za hemiju \u017eivotne sredine Dragana \u0110or\u0111evi\u0107.<\/p>\n<p>Potom su se u\u010desnici protesta uputili ka mostu Gazela, odakle su, podijeljeni u dvije grupe, krenuli ka \u017delezni\u010dkoj stanici &#8220;Novi Beograd&#8221; i Prokopu, gdje su blokirali saobra\u0107aj.<\/p>\n<p>Saobra\u0107aj u centru grada je uspostavljen, a odblokiran je i saobra\u0107aj na autoputu kod mosta Gazela.<\/p>\n<p><iframe loading=\"lazy\" src=\"https:\/\/www.slobodnaevropa.org\/embed\/player\/0\/33073928.html?type=video\" width=\"640\" height=\"360\" frameborder=\"0\" scrolling=\"no\" allowfullscreen=\"allowfullscreen\"><\/iframe><\/p>\n<blockquote class=\"wp-embedded-content\" data-secret=\"VGcgDy7EzX\"><p><a href=\"https:\/\/www.pcnen.com\/portal\/2024\/08\/10\/beograd-protest-protiv-iskopavanja-litijuma-a-u-beogradu\/\">Beograd: Protest protiv iskopavanja litijuma<\/a><\/p><\/blockquote>\n<p><iframe loading=\"lazy\" class=\"wp-embedded-content\" sandbox=\"allow-scripts\" security=\"restricted\" style=\"position: absolute; visibility: hidden;\" title=\"&#8220;Beograd: Protest protiv iskopavanja litijuma&#8221; &#8212; PCNEN\" src=\"https:\/\/www.pcnen.com\/portal\/2024\/08\/10\/beograd-protest-protiv-iskopavanja-litijuma-a-u-beogradu\/embed\/#?secret=zRiovTeVTO#?secret=VGcgDy7EzX\" data-secret=\"VGcgDy7EzX\" width=\"600\" height=\"338\" frameborder=\"0\" marginwidth=\"0\" marginheight=\"0\" scrolling=\"no\"><\/iframe><\/p>\n","protected":false},"excerpt":{"rendered":"<p>Demonstranti koji su sino\u0107 blokirali prugu tokom protesta protiv najave iskopavanja litijuma jutros su se povukli sa pruge posle dolaska policije, potvr\u0111eno je RTS-u.<\/p>\n","protected":false},"author":1,"featured_media":409551,"comment_status":"open","ping_status":"closed","sticky":false,"template":"","format":"standard","meta":{"_seopress_robots_primary_cat":"none","_seopress_titles_title":"","_seopress_titles_desc":"","_seopress_robots_index":"","_et_pb_use_builder":"","_et_pb_old_content":"","_et_gb_content_width":"","inline_featured_image":false,"footnotes":""},"categories":[14],"tags":[],"class_list":["post-409548","post","type-post","status-publish","format-standard","has-post-thumbnail","hentry","category-vijesti"],"_links":{"self":[{"href":"https:\/\/www.pcnen.com\/portal\/wp-json\/wp\/v2\/posts\/409548","targetHints":{"allow":["GET"]}}],"collection":[{"href":"https:\/\/www.pcnen.com\/portal\/wp-json\/wp\/v2\/posts"}],"about":[{"href":"https:\/\/www.pcnen.com\/portal\/wp-json\/wp\/v2\/types\/post"}],"author":[{"embeddable":true,"href":"https:\/\/www.pcnen.com\/portal\/wp-json\/wp\/v2\/users\/1"}],"replies":[{"embeddable":true,"href":"https:\/\/www.pcnen.com\/portal\/wp-json\/wp\/v2\/comments?post=409548"}],"version-history":[{"count":2,"href":"https:\/\/www.pcnen.com\/portal\/wp-json\/wp\/v2\/posts\/409548\/revisions"}],"predecessor-version":[{"id":409553,"href":"https:\/\/www.pcnen.com\/portal\/wp-json\/wp\/v2\/posts\/409548\/revisions\/409553"}],"wp:featuredmedia":[{"embeddable":true,"href":"https:\/\/www.pcnen.com\/portal\/wp-json\/wp\/v2\/media\/409551"}],"wp:attachment":[{"href":"https:\/\/www.pcnen.com\/portal\/wp-json\/wp\/v2\/media?parent=409548"}],"wp:term":[{"taxonomy":"category","embeddable":true,"href":"https:\/\/www.pcnen.com\/portal\/wp-json\/wp\/v2\/categories?post=409548"},{"taxonomy":"post_tag","embeddable":true,"href":"https:\/\/www.pcnen.com\/portal\/wp-json\/wp\/v2\/tags?post=409548"}],"curies":[{"name":"wp","href":"https:\/\/api.w.org\/{rel}","templated":true}]}}