{"id":409519,"date":"2024-08-10T20:54:08","date_gmt":"2024-08-10T18:54:08","guid":{"rendered":"https:\/\/www.pcnen.com\/portal\/?p=409519"},"modified":"2024-08-10T20:54:08","modified_gmt":"2024-08-10T18:54:08","slug":"suncano-i-veoma-toplo-26","status":"publish","type":"post","link":"https:\/\/www.pcnen.com\/portal\/2024\/08\/10\/suncano-i-veoma-toplo-26\/","title":{"rendered":"Sun\u010dano i veoma toplo"},"content":{"rendered":"<p>U nedjelju \u0107e u Crnoj Gori biti prete\u017eno sun\u010dano i veoma toplo.<\/p>\n<p>Vjetar naj\u010de\u0161\u0107e sjeverni bi\u0107e slab do umjeren, povremeno poja\u010dan, u jutarnjim i no\u0107nim satima.<\/p>\n<p>Jutarnja temperatura vazduha kreta\u0107e se od 11 do 26, najvi\u0161a dnevna od 25 do 39 stepeni.<\/p>\n<p>I u Podgorici\u0107e bitisSun\u010dano i veoma toplo.<\/p>\n<p>Vjetar slab do umjeren i promjenljiv, povremeno umjeren do poja\u010dan sjeverni, u jutarnjim i no\u0107nim satima se o\u010dekuje.<\/p>\n<p>Jutarnja temperatura vazduha \u0107e biti oko 26, najvi\u0161a dnevna 38 stepeni.<\/p>\n","protected":false},"excerpt":{"rendered":"<p>U nedjelju \u0107e u Crnoj Gori biti prete\u017eno sun\u010dano i veoma toplo.<\/p>\n","protected":false},"author":1,"featured_media":409522,"comment_status":"open","ping_status":"closed","sticky":false,"template":"","format":"standard","meta":{"_seopress_robots_primary_cat":"none","_seopress_titles_title":"","_seopress_titles_desc":"","_seopress_robots_index":"","_et_pb_use_builder":"","_et_pb_old_content":"","_et_gb_content_width":"","inline_featured_image":false,"footnotes":""},"categories":[14],"tags":[],"class_list":["post-409519","post","type-post","status-publish","format-standard","has-post-thumbnail","hentry","category-vijesti"],"_links":{"self":[{"href":"https:\/\/www.pcnen.com\/portal\/wp-json\/wp\/v2\/posts\/409519","targetHints":{"allow":["GET"]}}],"collection":[{"href":"https:\/\/www.pcnen.com\/portal\/wp-json\/wp\/v2\/posts"}],"about":[{"href":"https:\/\/www.pcnen.com\/portal\/wp-json\/wp\/v2\/types\/post"}],"author":[{"embeddable":true,"href":"https:\/\/www.pcnen.com\/portal\/wp-json\/wp\/v2\/users\/1"}],"replies":[{"embeddable":true,"href":"https:\/\/www.pcnen.com\/portal\/wp-json\/wp\/v2\/comments?post=409519"}],"version-history":[{"count":1,"href":"https:\/\/www.pcnen.com\/portal\/wp-json\/wp\/v2\/posts\/409519\/revisions"}],"predecessor-version":[{"id":409523,"href":"https:\/\/www.pcnen.com\/portal\/wp-json\/wp\/v2\/posts\/409519\/revisions\/409523"}],"wp:featuredmedia":[{"embeddable":true,"href":"https:\/\/www.pcnen.com\/portal\/wp-json\/wp\/v2\/media\/409522"}],"wp:attachment":[{"href":"https:\/\/www.pcnen.com\/portal\/wp-json\/wp\/v2\/media?parent=409519"}],"wp:term":[{"taxonomy":"category","embeddable":true,"href":"https:\/\/www.pcnen.com\/portal\/wp-json\/wp\/v2\/categories?post=409519"},{"taxonomy":"post_tag","embeddable":true,"href":"https:\/\/www.pcnen.com\/portal\/wp-json\/wp\/v2\/tags?post=409519"}],"curies":[{"name":"wp","href":"https:\/\/api.w.org\/{rel}","templated":true}]}}