{"id":409490,"date":"2024-08-10T14:18:38","date_gmt":"2024-08-10T12:18:38","guid":{"rendered":"https:\/\/www.pcnen.com\/portal\/?p=409490"},"modified":"2024-08-10T14:18:38","modified_gmt":"2024-08-10T12:18:38","slug":"medvedev-ucinicemo-sve-da-dovezemo-ruske-tenkove-na-trg-republike-u-berlinu","status":"publish","type":"post","link":"https:\/\/www.pcnen.com\/portal\/2024\/08\/10\/medvedev-ucinicemo-sve-da-dovezemo-ruske-tenkove-na-trg-republike-u-berlinu\/","title":{"rendered":"Medvedev: U\u010dini\u0107emo sve da dovezemo ruske tenkove na Trg Republike u Berlinu"},"content":{"rendered":"<p>Biv\u0161i predsjednik Rusije Dmitrij Medvedev posljednjih nekoliko dana, posebno nakon ukrajinske ofanzive kod Kurska, aktivniji je na dru\u0161tvenim mre\u017eama odakle upu\u0107uje prijetnje.<\/p>\n<p>Posljednja me\u0111u njima odnosi se i na Njema\u010dku.<\/p>\n<p>Medvedev se osvrnuo na pisanja njema\u010dkog Bilda u \u010dijem tekstu je nagla\u0161eno da su se njema\u010dki tenkovi vratili u Rusiju, aludiraju\u0107i na njema\u010dke donacije tenkova ukrajinskoj vojsci, koji se sada koriste u ofanzivi na ruskoj teritoriji.<\/p>\n<p>&#8220;Njema\u010dki list Bild objavio je revan\u0161isti\u010dki \u010dlanak u kojem s ponosom najavljuje povratak njema\u010dkih tenkova na rusku zemlju. Kao odgovor, u\u010dini\u0107emo sve da dovezemo najnovije ruske tenkove na Trg Republike&#8221;, rekao je Medvedev, <a href=\"https:\/\/www.klix.ba\/vijesti\/svijet\/medvedev-ponovo-prijeti-ucinit-cemo-sve-da-dovezemo-ruske-tenkove-na-trg-republike-u-berlinu\/240810051\">prenosi portal klix.ba.<\/a><\/p>\n<p>Biv\u0161i predsjednik Rusije u tom kontekstu mislio je na trg u Berlinu gdje je smje\u0161ten i Bundestag, odnosno Parlament Njema\u010dke.<\/p>\n<p>Medvedev je i ranije komentirao ukrajinsku ofanzivu te je rekao kako Rusija vi\u0161e ne treba da govori o ograni\u010denjima kada je rije\u010d o ukrajinskoj teritoriji.<\/p>\n<p>&#8220;Od ovog momenta, specijalna vojna operacija (termin koji Rusi koriste za rat u Ukrajini) trebala bi dobiti otvoreno eksteritorijalni karakter. Ovo vi\u0161e nije samo operacija vra\u0107anja na\u0161ih zvani\u010dnih teritorija i ka\u017enjavanja nacista. Mogu\u0107e je i potrebno oti\u0107i u druge djelove Ukrajine. U Odesu, Harkov, Dnjepropetrovsk i Nikolajev. Do Kijeva i \u0161ire. Ne bi trebalo biti nikakvih ograni\u010denja. Sada se o tome mo\u017ee i treba razgovarati otvoreno i bez stida i diplomatskih naklona&#8221;, mi\u0161ljenja je Medvedev.<\/p>\n","protected":false},"excerpt":{"rendered":"<p>Biv\u0161i predsjednik Rusije Dmitrij Medvedev posljednjih nekoliko dana, posebno nakon ukrajinske ofanzive kod Kurska, aktivniji je na dru\u0161tvenim mre\u017eama odakle upu\u0107uje prijetnje.<\/p>\n","protected":false},"author":1,"featured_media":409493,"comment_status":"open","ping_status":"closed","sticky":false,"template":"","format":"standard","meta":{"_seopress_robots_primary_cat":"none","_seopress_titles_title":"","_seopress_titles_desc":"","_seopress_robots_index":"","_et_pb_use_builder":"","_et_pb_old_content":"","_et_gb_content_width":"","inline_featured_image":false,"footnotes":""},"categories":[14],"tags":[],"class_list":["post-409490","post","type-post","status-publish","format-standard","has-post-thumbnail","hentry","category-vijesti"],"_links":{"self":[{"href":"https:\/\/www.pcnen.com\/portal\/wp-json\/wp\/v2\/posts\/409490","targetHints":{"allow":["GET"]}}],"collection":[{"href":"https:\/\/www.pcnen.com\/portal\/wp-json\/wp\/v2\/posts"}],"about":[{"href":"https:\/\/www.pcnen.com\/portal\/wp-json\/wp\/v2\/types\/post"}],"author":[{"embeddable":true,"href":"https:\/\/www.pcnen.com\/portal\/wp-json\/wp\/v2\/users\/1"}],"replies":[{"embeddable":true,"href":"https:\/\/www.pcnen.com\/portal\/wp-json\/wp\/v2\/comments?post=409490"}],"version-history":[{"count":1,"href":"https:\/\/www.pcnen.com\/portal\/wp-json\/wp\/v2\/posts\/409490\/revisions"}],"predecessor-version":[{"id":409494,"href":"https:\/\/www.pcnen.com\/portal\/wp-json\/wp\/v2\/posts\/409490\/revisions\/409494"}],"wp:featuredmedia":[{"embeddable":true,"href":"https:\/\/www.pcnen.com\/portal\/wp-json\/wp\/v2\/media\/409493"}],"wp:attachment":[{"href":"https:\/\/www.pcnen.com\/portal\/wp-json\/wp\/v2\/media?parent=409490"}],"wp:term":[{"taxonomy":"category","embeddable":true,"href":"https:\/\/www.pcnen.com\/portal\/wp-json\/wp\/v2\/categories?post=409490"},{"taxonomy":"post_tag","embeddable":true,"href":"https:\/\/www.pcnen.com\/portal\/wp-json\/wp\/v2\/tags?post=409490"}],"curies":[{"name":"wp","href":"https:\/\/api.w.org\/{rel}","templated":true}]}}