{"id":409471,"date":"2024-08-10T08:45:56","date_gmt":"2024-08-10T06:45:56","guid":{"rendered":"https:\/\/www.pcnen.com\/portal\/?p=409471"},"modified":"2024-08-10T08:45:56","modified_gmt":"2024-08-10T06:45:56","slug":"ramaju-zabranjeno-napustanje-stana-i-oduzet-mu-pasos","status":"publish","type":"post","link":"https:\/\/www.pcnen.com\/portal\/2024\/08\/10\/ramaju-zabranjeno-napustanje-stana-i-oduzet-mu-pasos\/","title":{"rendered":"Ramaju zabranjeno napu\u0161tanje stana i oduzet mu paso\u0161"},"content":{"rendered":"<p>Biznismenu sa Kosova Naseru Ramaju zabranjeno je napu\u0161tanje stana i privremeno je oduzet paso\u0161.<\/p>\n<p>Njemu je te mjere nadzora odredio sudija za istragu Osnovnog suda u Kotoru \u0160piro Pavi\u0107evi\u0107.<\/p>\n<p>Ulcinjska policija uhapsila je Ramaja prekju\u010de nakon \u0161to je stupio u slu\u017ebene prostorije Odjeljenja bezbjednosti Ulcinj, saop\u0161teno je iz Uprave policije, prenose Vijesti.<\/p>\n<p>&#8220;Zaljubljenik u Crnu Goru&#8221;, kako je sebe opisao Ramaj, sumnji\u010di se da je o\u0161tetio dr\u017eavu Crnu Goru za najmanje dva miliona eura prilikom aplikacije za dobijanje po\u010dasnog crnogorskog dr\u017eavljanstva.<\/p>\n<p>&#8220;Mjere nadzora su odre\u0111ene na osnovu \u010dl.166 st.2 ta\u010d.1 ZKP-a i \u010dl.166 st.2 ta\u010d.6 citiranog Zakona. Ukoliko okrivljeni prekr\u0161i izre\u010dene mjere nadzora, mo\u017ee mu se odrediti pritvor&#8221;, pi\u0161e u saop\u0161tenju.<\/p>\n<blockquote class=\"wp-embedded-content\" data-secret=\"fb3woqH8C1\"><p><a href=\"https:\/\/www.pcnen.com\/portal\/2024\/08\/08\/uhapsen-pocasni-drzavljanin-crne-gore-ramaj\/\">Uhap\u0161en po\u010dasni dr\u017eavljanin Crne Gore Ramaj<\/a><\/p><\/blockquote>\n<p><iframe loading=\"lazy\" class=\"wp-embedded-content\" sandbox=\"allow-scripts\" security=\"restricted\" style=\"position: absolute; visibility: hidden;\" title=\"&#8220;Uhap\u0161en po\u010dasni dr\u017eavljanin Crne Gore Ramaj&#8221; &#8212; PCNEN\" src=\"https:\/\/www.pcnen.com\/portal\/2024\/08\/08\/uhapsen-pocasni-drzavljanin-crne-gore-ramaj\/embed\/#?secret=zlzbSChnN6#?secret=fb3woqH8C1\" data-secret=\"fb3woqH8C1\" width=\"600\" height=\"338\" frameborder=\"0\" marginwidth=\"0\" marginheight=\"0\" scrolling=\"no\"><\/iframe><\/p>\n","protected":false},"excerpt":{"rendered":"<p>Biznismenu sa Kosova Naseru Ramaju zabranjeno je napu\u0161tanje stana i privremeno je oduzet paso\u0161.<\/p>\n","protected":false},"author":1,"featured_media":409474,"comment_status":"open","ping_status":"closed","sticky":false,"template":"","format":"standard","meta":{"_seopress_robots_primary_cat":"none","_seopress_titles_title":"","_seopress_titles_desc":"","_seopress_robots_index":"","_et_pb_use_builder":"","_et_pb_old_content":"","_et_gb_content_width":"","inline_featured_image":false,"footnotes":""},"categories":[14],"tags":[],"class_list":["post-409471","post","type-post","status-publish","format-standard","has-post-thumbnail","hentry","category-vijesti"],"_links":{"self":[{"href":"https:\/\/www.pcnen.com\/portal\/wp-json\/wp\/v2\/posts\/409471","targetHints":{"allow":["GET"]}}],"collection":[{"href":"https:\/\/www.pcnen.com\/portal\/wp-json\/wp\/v2\/posts"}],"about":[{"href":"https:\/\/www.pcnen.com\/portal\/wp-json\/wp\/v2\/types\/post"}],"author":[{"embeddable":true,"href":"https:\/\/www.pcnen.com\/portal\/wp-json\/wp\/v2\/users\/1"}],"replies":[{"embeddable":true,"href":"https:\/\/www.pcnen.com\/portal\/wp-json\/wp\/v2\/comments?post=409471"}],"version-history":[{"count":1,"href":"https:\/\/www.pcnen.com\/portal\/wp-json\/wp\/v2\/posts\/409471\/revisions"}],"predecessor-version":[{"id":409475,"href":"https:\/\/www.pcnen.com\/portal\/wp-json\/wp\/v2\/posts\/409471\/revisions\/409475"}],"wp:featuredmedia":[{"embeddable":true,"href":"https:\/\/www.pcnen.com\/portal\/wp-json\/wp\/v2\/media\/409474"}],"wp:attachment":[{"href":"https:\/\/www.pcnen.com\/portal\/wp-json\/wp\/v2\/media?parent=409471"}],"wp:term":[{"taxonomy":"category","embeddable":true,"href":"https:\/\/www.pcnen.com\/portal\/wp-json\/wp\/v2\/categories?post=409471"},{"taxonomy":"post_tag","embeddable":true,"href":"https:\/\/www.pcnen.com\/portal\/wp-json\/wp\/v2\/tags?post=409471"}],"curies":[{"name":"wp","href":"https:\/\/api.w.org\/{rel}","templated":true}]}}