{"id":409447,"date":"2024-08-09T22:27:33","date_gmt":"2024-08-09T20:27:33","guid":{"rendered":"https:\/\/www.pcnen.com\/portal\/?p=409447"},"modified":"2024-08-09T22:27:33","modified_gmt":"2024-08-09T20:27:33","slug":"tusk-podignute-optuznice-protiv-60-funkcionera-bivse-vladajuce-partije-pravo-i-pravda","status":"publish","type":"post","link":"https:\/\/www.pcnen.com\/portal\/2024\/08\/09\/tusk-podignute-optuznice-protiv-60-funkcionera-bivse-vladajuce-partije-pravo-i-pravda\/","title":{"rendered":"Tusk: Podignute optu\u017enice protiv 60 funkcionera biv\u0161e vladaju\u0107e partije Pravo i pravda"},"content":{"rendered":"<p>Poljski premijer Donald Tusk je izjavio danas da su protiv vi\u0161e od 60 funkcionera nekada vladaju\u0107e partije Pravo i pravda podignute optu\u017enice zbog zloupotrebe bud\u017eetskih sredstava, dok je vi\u0161e od 100 pod istragom.<\/p>\n<p>\u201ePosle \u0161est mjeseci, imamo 62 osobe iz prethodne vladaju\u0107e elite koje su optu\u017eene. Tako ne\u0161to se prije na\u0161ih prethodnika nije nikada dogodilo u istoriji\u201c, rekao je Tusk novinarima, prenosi N1<\/p>\n<p>Tusk je naveo da 200 poreskih inspektora sprovodi istragu u 17 ministarstava i da se nivo potencijalnih nepravilnosti procjenjuje na vi\u0161e od 25 milijardi dolara.<\/p>\n<p>Tu\u017eila\u0161tvu su podnijete informacije o mogu\u0107im po\u010dinjenim zlo\u010dinima koji obuhvataju vi\u0161e od 800 miliona dolara, izjavio je Tusk.<\/p>\n<p>Prema njegovim rije\u010dima, nepravilnosti su bile dio \u201ezatvorenog sistema\u201c koji je stvorila partija Pravo i pravda, zasnovanog na stavu da tada vladaju\u0107a stranka ne mo\u017ee si\u0107i sa vlasti.<\/p>\n<p>Biv\u0161i poljski premijer Mateu\u0161 Moravjecki je ocijenio da je osnovni cilj Tuskove vlade da \u201elikvidira najve\u0107u opozicionu partiju\u201c.<\/p>\n<p>\u201eKada imate opsesiju, idete kod ljekara, ne formirate vladu\u201c, naveo je Moravjecki, javlja Rojters.<\/p>\n","protected":false},"excerpt":{"rendered":"<p>Poljski premijer Donald Tusk je izjavio danas da su protiv vi\u0161e od 60 funkcionera nekada vladaju\u0107e partije Pravo i pravda podignute optu\u017enice zbog zloupotrebe bud\u017eetskih sredstava, dok je vi\u0161e od 100 pod istragom.<\/p>\n","protected":false},"author":1,"featured_media":382606,"comment_status":"open","ping_status":"closed","sticky":false,"template":"","format":"standard","meta":{"_seopress_robots_primary_cat":"none","_seopress_titles_title":"","_seopress_titles_desc":"","_seopress_robots_index":"","_et_pb_use_builder":"","_et_pb_old_content":"","_et_gb_content_width":"","inline_featured_image":false,"footnotes":""},"categories":[14],"tags":[],"class_list":["post-409447","post","type-post","status-publish","format-standard","has-post-thumbnail","hentry","category-vijesti"],"_links":{"self":[{"href":"https:\/\/www.pcnen.com\/portal\/wp-json\/wp\/v2\/posts\/409447","targetHints":{"allow":["GET"]}}],"collection":[{"href":"https:\/\/www.pcnen.com\/portal\/wp-json\/wp\/v2\/posts"}],"about":[{"href":"https:\/\/www.pcnen.com\/portal\/wp-json\/wp\/v2\/types\/post"}],"author":[{"embeddable":true,"href":"https:\/\/www.pcnen.com\/portal\/wp-json\/wp\/v2\/users\/1"}],"replies":[{"embeddable":true,"href":"https:\/\/www.pcnen.com\/portal\/wp-json\/wp\/v2\/comments?post=409447"}],"version-history":[{"count":1,"href":"https:\/\/www.pcnen.com\/portal\/wp-json\/wp\/v2\/posts\/409447\/revisions"}],"predecessor-version":[{"id":409450,"href":"https:\/\/www.pcnen.com\/portal\/wp-json\/wp\/v2\/posts\/409447\/revisions\/409450"}],"wp:featuredmedia":[{"embeddable":true,"href":"https:\/\/www.pcnen.com\/portal\/wp-json\/wp\/v2\/media\/382606"}],"wp:attachment":[{"href":"https:\/\/www.pcnen.com\/portal\/wp-json\/wp\/v2\/media?parent=409447"}],"wp:term":[{"taxonomy":"category","embeddable":true,"href":"https:\/\/www.pcnen.com\/portal\/wp-json\/wp\/v2\/categories?post=409447"},{"taxonomy":"post_tag","embeddable":true,"href":"https:\/\/www.pcnen.com\/portal\/wp-json\/wp\/v2\/tags?post=409447"}],"curies":[{"name":"wp","href":"https:\/\/api.w.org\/{rel}","templated":true}]}}