{"id":409441,"date":"2024-08-09T22:09:00","date_gmt":"2024-08-09T20:09:00","guid":{"rendered":"https:\/\/www.pcnen.com\/portal\/?p=409441"},"modified":"2024-08-09T22:09:00","modified_gmt":"2024-08-09T20:09:00","slug":"brazil-srusio-se-avion-poginulo-58-putnika-i-cetiri-clana-posade-video","status":"publish","type":"post","link":"https:\/\/www.pcnen.com\/portal\/2024\/08\/09\/brazil-srusio-se-avion-poginulo-58-putnika-i-cetiri-clana-posade-video\/","title":{"rendered":"Brazil: Sru\u0161io se avion, poginulo 58 putnika i \u010detiri \u010dlana posade (video)"},"content":{"rendered":"<p>Svih 62 ljudi je poginulo kada se avionu sru\u0161io u brazilskoj dr\u017eavi Sao Paolo, u blizini grada Vinjedo, saop\u0161tile su lokalne vlasti.<\/p>\n<p>Avion je letio iz grada Ka\u0161kavel ka centralnom brazilskom aerodromu u Sao Paolo, saop\u0161teno je iz kompanije Vopas, prenosi BBC.<\/p>\n<p>Poginulo je 58 putnika i \u010detvoro \u010dlanova posade.<\/p>\n<p>Avion je pao na stambenu \u010detvrt, ali niko od mje\u0161tana nije povrije\u0111en.<\/p>\n<p>Prema podacima sajta za pra\u0107enje letova Flightradar24, avion je proizveden 2010.<\/p>\n<blockquote class=\"twitter-tweet\">\n<p dir=\"ltr\" lang=\"tr\">Brezilya'da u\u00e7ak kazas\u0131; Sao Paulo'ya ba\u011fl\u0131 Vinhedo \u015fehrinde 68 yolcu kapasiteli yolcu u\u00e7a\u011f\u0131 yerle\u0219im birimleri'nin \u00fcst\u00fcne d\u00fc\u015ft\u00fc&#8230; can kayb\u0131 hen\u00fcz bilinmiyor! <a href=\"https:\/\/twitter.com\/hashtag\/Brezilya?src=hash&amp;ref_src=twsrc%5Etfw\">#Brezilya<\/a> <a href=\"https:\/\/twitter.com\/hashtag\/sondakikahaber?src=hash&amp;ref_src=twsrc%5Etfw\">#sondakikahaber<\/a> <a href=\"https:\/\/twitter.com\/hashtag\/vinhedo?src=hash&amp;ref_src=twsrc%5Etfw\">#vinhedo<\/a> <a href=\"https:\/\/twitter.com\/hashtag\/saopaulo?src=hash&amp;ref_src=twsrc%5Etfw\">#saopaulo<\/a> <a href=\"https:\/\/twitter.com\/hashtag\/haber?src=hash&amp;ref_src=twsrc%5Etfw\">#haber<\/a> <a href=\"https:\/\/twitter.com\/hashtag\/SONDAK%C4%B0KA?src=hash&amp;ref_src=twsrc%5Etfw\">#SONDAK\u0130KA<\/a> <a href=\"https:\/\/twitter.com\/hashtag\/brasil?src=hash&amp;ref_src=twsrc%5Etfw\">#brasil<\/a> <a href=\"https:\/\/twitter.com\/hashtag\/airplane?src=hash&amp;ref_src=twsrc%5Etfw\">#airplane<\/a> <a href=\"https:\/\/t.co\/FKPL6hawBl\">pic.twitter.com\/FKPL6hawBl<\/a><\/p>\n<p>\u2014 Umut Eker (@umutekr) <a href=\"https:\/\/twitter.com\/umutekr\/status\/1821956783813845407?ref_src=twsrc%5Etfw\">August 9, 2024<\/a><\/p><\/blockquote>\n<p><script async src=\"https:\/\/platform.twitter.com\/widgets.js\" charset=\"utf-8\"><\/script><\/p>\n","protected":false},"excerpt":{"rendered":"<p>Svih 62 ljudi je poginulo kada se avionu sru\u0161io u brazilskoj dr\u017eavi Sao Paolo, u blizini grada Vinjedo, saop\u0161tile su lokalne vlasti.<\/p>\n","protected":false},"author":1,"featured_media":409444,"comment_status":"open","ping_status":"closed","sticky":false,"template":"","format":"standard","meta":{"_seopress_robots_primary_cat":"none","_seopress_titles_title":"","_seopress_titles_desc":"","_seopress_robots_index":"","_et_pb_use_builder":"","_et_pb_old_content":"","_et_gb_content_width":"","inline_featured_image":false,"footnotes":""},"categories":[14],"tags":[],"class_list":["post-409441","post","type-post","status-publish","format-standard","has-post-thumbnail","hentry","category-vijesti"],"_links":{"self":[{"href":"https:\/\/www.pcnen.com\/portal\/wp-json\/wp\/v2\/posts\/409441","targetHints":{"allow":["GET"]}}],"collection":[{"href":"https:\/\/www.pcnen.com\/portal\/wp-json\/wp\/v2\/posts"}],"about":[{"href":"https:\/\/www.pcnen.com\/portal\/wp-json\/wp\/v2\/types\/post"}],"author":[{"embeddable":true,"href":"https:\/\/www.pcnen.com\/portal\/wp-json\/wp\/v2\/users\/1"}],"replies":[{"embeddable":true,"href":"https:\/\/www.pcnen.com\/portal\/wp-json\/wp\/v2\/comments?post=409441"}],"version-history":[{"count":1,"href":"https:\/\/www.pcnen.com\/portal\/wp-json\/wp\/v2\/posts\/409441\/revisions"}],"predecessor-version":[{"id":409446,"href":"https:\/\/www.pcnen.com\/portal\/wp-json\/wp\/v2\/posts\/409441\/revisions\/409446"}],"wp:featuredmedia":[{"embeddable":true,"href":"https:\/\/www.pcnen.com\/portal\/wp-json\/wp\/v2\/media\/409444"}],"wp:attachment":[{"href":"https:\/\/www.pcnen.com\/portal\/wp-json\/wp\/v2\/media?parent=409441"}],"wp:term":[{"taxonomy":"category","embeddable":true,"href":"https:\/\/www.pcnen.com\/portal\/wp-json\/wp\/v2\/categories?post=409441"},{"taxonomy":"post_tag","embeddable":true,"href":"https:\/\/www.pcnen.com\/portal\/wp-json\/wp\/v2\/tags?post=409441"}],"curies":[{"name":"wp","href":"https:\/\/api.w.org\/{rel}","templated":true}]}}