{"id":409437,"date":"2024-08-09T22:02:01","date_gmt":"2024-08-09T20:02:01","guid":{"rendered":"https:\/\/www.pcnen.com\/portal\/?p=409437"},"modified":"2024-08-09T22:02:01","modified_gmt":"2024-08-09T20:02:01","slug":"vucic-dobili-smo-informaciju-ruskih-sluzbi-da-se-u-srbiji-pripremaju-masovni-neredi","status":"publish","type":"post","link":"https:\/\/www.pcnen.com\/portal\/2024\/08\/09\/vucic-dobili-smo-informaciju-ruskih-sluzbi-da-se-u-srbiji-pripremaju-masovni-neredi\/","title":{"rendered":"Vu\u010di\u0107: Dobili smo informaciju ruskih slu\u017ebi da se u Srbiji pripremaju masovni neredi"},"content":{"rendered":"<p>\u200bPredsjednik Srbije Aleksandar Vu\u010di\u0107 rekao je da je danas od ruskih bezbjednosnih slu\u017ebi stigla informacija o tome da se u Srbiji pripremaju masovni neredi.<\/p>\n<p>&#8220;Dobili smo danas zvani\u010dne informacije iz Ruske Federacije, zvani\u010dnim kanalima preneta i doneta informacija. Da, dobili smo tu informaciju i bavimo se time. Nadle\u017ena je BIA, ljudi specijalizovani za to u Vladi Srbije i na svim drugim mestima rade svoj posao&#8221;, rekao je on, odgovaraju\u0107i na pitanje novinara da li je od ruskih bezbjednosnih slu\u017ebi dobio upozorenje da se u Srbiji pripremaju masovni neredi sa ciljem dr\u017eavnog udara.<\/p>\n<p>On je rekao i da gra\u0111ani treba da budu bezbri\u017eni.<\/p>\n<p>Ti koji ma\u0161taju da \u0107e na silu ne\u0161to da urade, poru\u010dio je Vu\u010di\u0107, \u201cne\u0107e jer Srbija neumitno ide napred\u201d.<\/p>\n<p>&#8220;Ne mogu da je zaustave. I ne\u0107e je zaustaviti i nikada je niko ne\u0107e zaustaviti. To je moja poruka svima, ljudi ne moraju da brinu. Sutra mogu mirno, kod svoje ku\u0107e da gledaju na\u0161e ko\u0161arka\u0161e (utakmicu na Olimpijadi)&#8221;, rekao je on, prenosi Tanjug.<\/p>\n<p>Na pitanje novinara da li je zabrinut, Vu\u010di\u0107 je rekao da je zabrinut samo zbog postizanja realizacije infrastrukturnih projekata kao \u0161to je izgradnja Fru\u0161kogorskog koridora koji je obi\u0161ao.<\/p>\n<p>&#8220;Uvek na mom licu mo\u017eete da vidite moje raspolo\u017eenje, pa tako i vidite osmeh zbog radova koji se sprovode ovde. Da mogu rukama bih zagrlio i ovaj tunel i sve ljude koji ovde rade. Jako sam sre\u0107an kako ovo napreduje&#8221;, poru\u010dio je Vu\u010di\u0107.<\/p>\n","protected":false},"excerpt":{"rendered":"<p>\u200bPredsjednik Srbije Aleksandar Vu\u010di\u0107 rekao je da je danas od ruskih bezbjednosnih slu\u017ebi stigla informacija o tome da se u Srbiji pripremaju masovni neredi.<\/p>\n","protected":false},"author":1,"featured_media":390404,"comment_status":"open","ping_status":"closed","sticky":false,"template":"","format":"standard","meta":{"_seopress_robots_primary_cat":"none","_seopress_titles_title":"","_seopress_titles_desc":"","_seopress_robots_index":"","_et_pb_use_builder":"","_et_pb_old_content":"","_et_gb_content_width":"","inline_featured_image":false,"footnotes":""},"categories":[14],"tags":[],"class_list":["post-409437","post","type-post","status-publish","format-standard","has-post-thumbnail","hentry","category-vijesti"],"_links":{"self":[{"href":"https:\/\/www.pcnen.com\/portal\/wp-json\/wp\/v2\/posts\/409437","targetHints":{"allow":["GET"]}}],"collection":[{"href":"https:\/\/www.pcnen.com\/portal\/wp-json\/wp\/v2\/posts"}],"about":[{"href":"https:\/\/www.pcnen.com\/portal\/wp-json\/wp\/v2\/types\/post"}],"author":[{"embeddable":true,"href":"https:\/\/www.pcnen.com\/portal\/wp-json\/wp\/v2\/users\/1"}],"replies":[{"embeddable":true,"href":"https:\/\/www.pcnen.com\/portal\/wp-json\/wp\/v2\/comments?post=409437"}],"version-history":[{"count":1,"href":"https:\/\/www.pcnen.com\/portal\/wp-json\/wp\/v2\/posts\/409437\/revisions"}],"predecessor-version":[{"id":409440,"href":"https:\/\/www.pcnen.com\/portal\/wp-json\/wp\/v2\/posts\/409437\/revisions\/409440"}],"wp:featuredmedia":[{"embeddable":true,"href":"https:\/\/www.pcnen.com\/portal\/wp-json\/wp\/v2\/media\/390404"}],"wp:attachment":[{"href":"https:\/\/www.pcnen.com\/portal\/wp-json\/wp\/v2\/media?parent=409437"}],"wp:term":[{"taxonomy":"category","embeddable":true,"href":"https:\/\/www.pcnen.com\/portal\/wp-json\/wp\/v2\/categories?post=409437"},{"taxonomy":"post_tag","embeddable":true,"href":"https:\/\/www.pcnen.com\/portal\/wp-json\/wp\/v2\/tags?post=409437"}],"curies":[{"name":"wp","href":"https:\/\/api.w.org\/{rel}","templated":true}]}}