{"id":409424,"date":"2024-08-09T19:39:54","date_gmt":"2024-08-09T17:39:54","guid":{"rendered":"https:\/\/www.pcnen.com\/portal\/?p=409424"},"modified":"2024-08-09T19:40:36","modified_gmt":"2024-08-09T17:40:36","slug":"reper-desingerica-mora-da-napusti-crnu-goru","status":"publish","type":"post","link":"https:\/\/www.pcnen.com\/portal\/2024\/08\/09\/reper-desingerica-mora-da-napusti-crnu-goru\/","title":{"rendered":"Reper Desingerica mora da napusti Crnu Goru"},"content":{"rendered":"<p>Srpski reper Dragomir Despi\u0107 (31), poznatiji pod muzi\u010dkim imenom Desingerica, mora da napusti Crnu Goru jer mu je Uprava policije privremeno otkazala boravak .<\/p>\n<p>Prema nezvani\u010dnim informacijama Vijesti, Despi\u0107 nije imao urednu dozvolu za rad ali ni prijavljeno boravi\u0161te na Crnogorskom primorju, gdje je ovog ljeta nastupao gotovo svake ve\u010deri.<\/p>\n<p>&#8220;\u017dao mi je \u0161to se sino\u0107 nismo vidjeli na Top Hillu, jer sam imao nekih papiro\u0161kih problema. Budva i Crna Gora su moja druga ku\u0107a i naravno da ne\u0107emo da kr\u0161imo zakone te dr\u017eave&#8221;, kazao je Despi\u0107 u obra\u0107anju publici na dru\u0161tvenim mre\u017eama.<\/p>\n<p>Muzi\u010dku karijeru po\u010deo je 2022. godine.<\/p>\n<p>Zbog kontroverznih nastupa ovog ljeta \u010desto su se mogli \u010duti javni pozivi da se Despi\u0107u zabrani nastup u Crnoj Gori zbog &#8220;promocije pogre\u0161nih vrijednosti&#8221;.<\/p>\n<p>Krajem jula, poslije nastupa gdje je, pored udaranja patikom po glavi, &#8220;pljuvanja&#8221;, uvrstio i rendanje ka\u010dkavalja po publici, oglasila se potpredsjednica Op\u0161tine Budva Jasna Doki\u0107, koja je tra\u017eila da se beogradski izvo\u0111a\u010d zabrani u Budvi.<\/p>\n<p>&#8220;Moramo postaviti jasne kriterijume kada su u pitanju doga\u0111aji koji se odr\u017eavaju u na\u0161em gradu&#8221;, poru\u010dila je potpredsednica op\u0161tine Budva. &#8220;Poruke i \u201cvrijednosti\u201d koje propagira pomenuti izvo\u0111a\u010d smatramo krajnje neprimjerenim i nedopustivim. Grad Budva je grad koji podr\u017eava razli\u010ditosti, ali neprimereno pona\u0161anje nikada ne\u0107e tolerisati i ne\u0107e dopustiti da se takve poruke plasiraju na\u0161oj omladini&#8221;, navela je Doki\u0107.<\/p>\n<p>Njen apel nijesu usli\u0161ili budvanski ugostitelji jer je Desingerica nastupao gotovo svakog dana.<\/p>\n","protected":false},"excerpt":{"rendered":"<p>Srpski reper Dragomir Despi\u0107 (31), poznatiji pod muzi\u010dkim imenom Desingerica, mora da napusti Crnu Goru jer mu je Uprava policije privremeno otkazala boravak .<\/p>\n","protected":false},"author":1,"featured_media":409427,"comment_status":"open","ping_status":"closed","sticky":false,"template":"","format":"standard","meta":{"_seopress_robots_primary_cat":"none","_seopress_titles_title":"","_seopress_titles_desc":"","_seopress_robots_index":"","_et_pb_use_builder":"","_et_pb_old_content":"","_et_gb_content_width":"","inline_featured_image":false,"footnotes":""},"categories":[14],"tags":[],"class_list":["post-409424","post","type-post","status-publish","format-standard","has-post-thumbnail","hentry","category-vijesti"],"_links":{"self":[{"href":"https:\/\/www.pcnen.com\/portal\/wp-json\/wp\/v2\/posts\/409424","targetHints":{"allow":["GET"]}}],"collection":[{"href":"https:\/\/www.pcnen.com\/portal\/wp-json\/wp\/v2\/posts"}],"about":[{"href":"https:\/\/www.pcnen.com\/portal\/wp-json\/wp\/v2\/types\/post"}],"author":[{"embeddable":true,"href":"https:\/\/www.pcnen.com\/portal\/wp-json\/wp\/v2\/users\/1"}],"replies":[{"embeddable":true,"href":"https:\/\/www.pcnen.com\/portal\/wp-json\/wp\/v2\/comments?post=409424"}],"version-history":[{"count":2,"href":"https:\/\/www.pcnen.com\/portal\/wp-json\/wp\/v2\/posts\/409424\/revisions"}],"predecessor-version":[{"id":409429,"href":"https:\/\/www.pcnen.com\/portal\/wp-json\/wp\/v2\/posts\/409424\/revisions\/409429"}],"wp:featuredmedia":[{"embeddable":true,"href":"https:\/\/www.pcnen.com\/portal\/wp-json\/wp\/v2\/media\/409427"}],"wp:attachment":[{"href":"https:\/\/www.pcnen.com\/portal\/wp-json\/wp\/v2\/media?parent=409424"}],"wp:term":[{"taxonomy":"category","embeddable":true,"href":"https:\/\/www.pcnen.com\/portal\/wp-json\/wp\/v2\/categories?post=409424"},{"taxonomy":"post_tag","embeddable":true,"href":"https:\/\/www.pcnen.com\/portal\/wp-json\/wp\/v2\/tags?post=409424"}],"curies":[{"name":"wp","href":"https:\/\/api.w.org\/{rel}","templated":true}]}}