{"id":409420,"date":"2024-08-09T16:51:05","date_gmt":"2024-08-09T14:51:05","guid":{"rendered":"https:\/\/www.pcnen.com\/portal\/?p=409420"},"modified":"2024-08-09T16:51:05","modified_gmt":"2024-08-09T14:51:05","slug":"saranovic-utvrdjujemo-kako-je-ramaj-dobio-cg-drzavljanstvo","status":"publish","type":"post","link":"https:\/\/www.pcnen.com\/portal\/2024\/08\/09\/saranovic-utvrdjujemo-kako-je-ramaj-dobio-cg-drzavljanstvo\/","title":{"rendered":"\u0160aranovi\u0107: Utvr\u0111ujemo kako je Ramaj dobio CG dr\u017eavljanstvo"},"content":{"rendered":"<p>Ministar unutra\u0161njih poslova Danilo \u0160aranovi\u0107 kazao je na vanrednoj pres konferenciji povodom hap\u0161enja po\u010dasnog dr\u017eavljanina Crna Gore Nasera Ramaja, koji se tereti da je bud\u017eet dr\u017eave o\u0161tetio za preko dva miliona eura, da je tra\u017eio da se preduzmu sve radnje koje \u0107e utvrditi zakonitost postupka dobijanja crnogorskog dr\u017eavljanstva za Ramaja, prenosi Dan.<\/p>\n<p>&#8220;U tom postupku dobi\u0107emo odgovor na pitanje je li bilo nekih nezakonitosti, i ako se ispostavi da je ne\u0161to nezakonito u\u010dinjeno tra\u017ei\u0107u da ovo lice bude otpu\u0161teno iz crnogorskog dr\u017eavljanstva&#8221;, kazao je \u0160aranovi\u0107.<\/p>\n<p>Protiv Ramaja je podnijeta krivi\u010dna prijava zbog sumnje da je utajio porez i time o\u0161tetio dr\u017eavu za vi\u0161e od dva miliona eura.<\/p>\n<blockquote class=\"wp-embedded-content\" data-secret=\"gELw15dWKV\"><p><a href=\"https:\/\/www.pcnen.com\/portal\/2024\/08\/08\/uhapsen-pocasni-drzavljanin-crne-gore-ramaj\/\">Uhap\u0161en po\u010dasni dr\u017eavljanin Crne Gore Ramaj<\/a><\/p><\/blockquote>\n<p><iframe loading=\"lazy\" class=\"wp-embedded-content\" sandbox=\"allow-scripts\" security=\"restricted\" style=\"position: absolute; visibility: hidden;\" title=\"&#8220;Uhap\u0161en po\u010dasni dr\u017eavljanin Crne Gore Ramaj&#8221; &#8212; PCNEN\" src=\"https:\/\/www.pcnen.com\/portal\/2024\/08\/08\/uhapsen-pocasni-drzavljanin-crne-gore-ramaj\/embed\/#?secret=KxeezK92v4#?secret=gELw15dWKV\" data-secret=\"gELw15dWKV\" width=\"600\" height=\"338\" frameborder=\"0\" marginwidth=\"0\" marginheight=\"0\" scrolling=\"no\"><\/iframe><\/p>\n","protected":false},"excerpt":{"rendered":"<p>Ministar unutra\u0161njih poslova Danilo \u0160aranovi\u0107 kazao je na vanrednoj pres konferenciji povodom hap\u0161enja po\u010dasnog dr\u017eavljanina Crna Gore Nasera Ramaja, koji se tereti da je bud\u017eet dr\u017eave o\u0161tetio za preko dva miliona eura, da je tra\u017eio da se preduzmu sve radnje koje \u0107e utvrditi zakonitost postupka dobijanja crnogorskog dr\u017eavljanstva za Ramaja, prenosi Dan.<\/p>\n","protected":false},"author":1,"featured_media":388069,"comment_status":"open","ping_status":"closed","sticky":false,"template":"","format":"standard","meta":{"_seopress_robots_primary_cat":"none","_seopress_titles_title":"","_seopress_titles_desc":"","_seopress_robots_index":"","_et_pb_use_builder":"","_et_pb_old_content":"","_et_gb_content_width":"","inline_featured_image":false,"footnotes":""},"categories":[14],"tags":[],"class_list":["post-409420","post","type-post","status-publish","format-standard","has-post-thumbnail","hentry","category-vijesti"],"_links":{"self":[{"href":"https:\/\/www.pcnen.com\/portal\/wp-json\/wp\/v2\/posts\/409420","targetHints":{"allow":["GET"]}}],"collection":[{"href":"https:\/\/www.pcnen.com\/portal\/wp-json\/wp\/v2\/posts"}],"about":[{"href":"https:\/\/www.pcnen.com\/portal\/wp-json\/wp\/v2\/types\/post"}],"author":[{"embeddable":true,"href":"https:\/\/www.pcnen.com\/portal\/wp-json\/wp\/v2\/users\/1"}],"replies":[{"embeddable":true,"href":"https:\/\/www.pcnen.com\/portal\/wp-json\/wp\/v2\/comments?post=409420"}],"version-history":[{"count":1,"href":"https:\/\/www.pcnen.com\/portal\/wp-json\/wp\/v2\/posts\/409420\/revisions"}],"predecessor-version":[{"id":409423,"href":"https:\/\/www.pcnen.com\/portal\/wp-json\/wp\/v2\/posts\/409420\/revisions\/409423"}],"wp:featuredmedia":[{"embeddable":true,"href":"https:\/\/www.pcnen.com\/portal\/wp-json\/wp\/v2\/media\/388069"}],"wp:attachment":[{"href":"https:\/\/www.pcnen.com\/portal\/wp-json\/wp\/v2\/media?parent=409420"}],"wp:term":[{"taxonomy":"category","embeddable":true,"href":"https:\/\/www.pcnen.com\/portal\/wp-json\/wp\/v2\/categories?post=409420"},{"taxonomy":"post_tag","embeddable":true,"href":"https:\/\/www.pcnen.com\/portal\/wp-json\/wp\/v2\/tags?post=409420"}],"curies":[{"name":"wp","href":"https:\/\/api.w.org\/{rel}","templated":true}]}}