{"id":409416,"date":"2024-08-09T13:23:45","date_gmt":"2024-08-09T11:23:45","guid":{"rendered":"https:\/\/www.pcnen.com\/portal\/?p=409416"},"modified":"2024-08-09T13:23:45","modified_gmt":"2024-08-09T11:23:45","slug":"ijz-prijavljena-epidemija-morbila-u-budvi","status":"publish","type":"post","link":"https:\/\/www.pcnen.com\/portal\/2024\/08\/09\/ijz-prijavljena-epidemija-morbila-u-budvi\/","title":{"rendered":"IJZ: Prijavljena epidemija morbila u Budvi"},"content":{"rendered":"<p>Higijensko-epidemiolo\u0161ka slu\u017eba Doma zdravlja Budva prijavila je ju\u010de epidemiju morbila na teritoriji ove op\u0161tine, saop\u0161teno je iz Instituta za javno zdravlje (IJZ).<\/p>\n<p>U Crnoj Gori je od 28. marta do 9. avgusta registrovano 16 slu\u010dajeva obolijevanja od morbila.\u00a0 U Budvi je registrovano sedam oboljelih.<\/p>\n<p>&#8220;U Budvi je registrovano sedam oboljelih. Nakon \u0161to je utvr\u0111eno da su pojedini slu\u010dajevi epidemiolo\u0161ki povezani (uspostavljena lokalna transmisija), ispunjeni su kriterijumi za prijavu epidemije. Ovakav razvoj situacije nije iznena\u0111uju\u0107i s obzirom na nizak nivo vakcinacije protiv morbila u na\u0161oj zemlji, kao i na epidemije u susjednim dr\u017eavama. Sa po\u010detkom nove \u0161kolske godine, rizik od daljeg \u0161irenja morbila \u0107e dodatno porasti&#8221;, saop\u0161tili su iz IJZ.<\/p>\n","protected":false},"excerpt":{"rendered":"<p>Higijensko-epidemiolo\u0161ka slu\u017eba Doma zdravlja Budva prijavila je ju\u010de epidemiju morbila na teritoriji ove op\u0161tine, saop\u0161teno je iz Instituta za javno zdravlje (IJZ).<\/p>\n","protected":false},"author":1,"featured_media":362699,"comment_status":"open","ping_status":"closed","sticky":false,"template":"","format":"standard","meta":{"_seopress_robots_primary_cat":"none","_seopress_titles_title":"","_seopress_titles_desc":"","_seopress_robots_index":"","_et_pb_use_builder":"","_et_pb_old_content":"","_et_gb_content_width":"","inline_featured_image":false,"footnotes":""},"categories":[14],"tags":[],"class_list":["post-409416","post","type-post","status-publish","format-standard","has-post-thumbnail","hentry","category-vijesti"],"_links":{"self":[{"href":"https:\/\/www.pcnen.com\/portal\/wp-json\/wp\/v2\/posts\/409416","targetHints":{"allow":["GET"]}}],"collection":[{"href":"https:\/\/www.pcnen.com\/portal\/wp-json\/wp\/v2\/posts"}],"about":[{"href":"https:\/\/www.pcnen.com\/portal\/wp-json\/wp\/v2\/types\/post"}],"author":[{"embeddable":true,"href":"https:\/\/www.pcnen.com\/portal\/wp-json\/wp\/v2\/users\/1"}],"replies":[{"embeddable":true,"href":"https:\/\/www.pcnen.com\/portal\/wp-json\/wp\/v2\/comments?post=409416"}],"version-history":[{"count":1,"href":"https:\/\/www.pcnen.com\/portal\/wp-json\/wp\/v2\/posts\/409416\/revisions"}],"predecessor-version":[{"id":409419,"href":"https:\/\/www.pcnen.com\/portal\/wp-json\/wp\/v2\/posts\/409416\/revisions\/409419"}],"wp:featuredmedia":[{"embeddable":true,"href":"https:\/\/www.pcnen.com\/portal\/wp-json\/wp\/v2\/media\/362699"}],"wp:attachment":[{"href":"https:\/\/www.pcnen.com\/portal\/wp-json\/wp\/v2\/media?parent=409416"}],"wp:term":[{"taxonomy":"category","embeddable":true,"href":"https:\/\/www.pcnen.com\/portal\/wp-json\/wp\/v2\/categories?post=409416"},{"taxonomy":"post_tag","embeddable":true,"href":"https:\/\/www.pcnen.com\/portal\/wp-json\/wp\/v2\/tags?post=409416"}],"curies":[{"name":"wp","href":"https:\/\/api.w.org\/{rel}","templated":true}]}}