{"id":409411,"date":"2024-08-09T12:02:00","date_gmt":"2024-08-09T10:02:00","guid":{"rendered":"https:\/\/www.pcnen.com\/portal\/?p=409411"},"modified":"2024-08-09T12:02:00","modified_gmt":"2024-08-09T10:02:00","slug":"radar-forum-spc-se-promovise-onim-cega-se-treba-stidjeti-video","status":"publish","type":"post","link":"https:\/\/www.pcnen.com\/portal\/2024\/08\/09\/radar-forum-spc-se-promovise-onim-cega-se-treba-stidjeti-video\/","title":{"rendered":"Radar Forum: SPC se promovi\u0161e onim \u010dega se treba stidjeti (video)"},"content":{"rendered":"<p>U poslednjoj epizodi Radar Foruma u kojoj je izaziva\u010d bio beogradski advokat Sead Spahovi\u0107, gost je bio Vuka\u0161in Mili\u0107evi\u0107, teolog, sve\u0161tenik i biv\u0161i profesor sa Bogoslovije. Razgovarali su o ulozi i uticaju religije na dru\u0161tvene i politi\u010dke odnose na Balkanu<\/p>\n<p>Spahovi\u0107 je zapo\u010deo razgovor pitanjem o mogu\u0107nosti pomirenja u regionu bez pra\u0161tanja i kajanja.<\/p>\n<p>\u201cPravo pomirenje nije mogu\u0107e bez pokajanja i spremnosti da se oprosti, a opet, pokajanje i pra\u0161tanje nisu mogu\u0107i bez spremnosti da se prihvati odgovornost. Ako posmatramo i hri\u0161\u0107ansku tradiciju, i tradicije koje njoj prethode, jevrejske i helenske, u stvari je re\u010d o jednom veoma aktivnom stanju duha. Metanoja je zapravo promena na\u010dina mi\u0161ljenja koja treba da dovede do konkretne promene u postupcima. Dakle, nema nikakvog pokajanja i pra\u0161tanja bez konkretnih dela. Simboli\u010dki \u010dinovi i aktovi jesu va\u017eni, ali oni apsolutno postaju isprazni ukoliko to ne dovodi do promene u na\u010dinu postupanja\u201d, ka\u017ee Vuka\u0161in Mili\u0107evi\u0107.<\/p>\n<p><iframe loading=\"lazy\" title=\"YouTube video player\" src=\"https:\/\/www.youtube.com\/embed\/nQhUeea0zKQ?si=dV2wLHFxwTlL6ohM\" width=\"560\" height=\"315\" frameborder=\"0\" allowfullscreen=\"allowfullscreen\"><\/iframe><\/p>\n","protected":false},"excerpt":{"rendered":"<p>U poslednjoj epizodi Radar Foruma u kojoj je izaziva\u010d bio beogradski advokat Sead Spahovi\u0107, gost je bio Vuka\u0161in Mili\u0107evi\u0107, teolog, sve\u0161tenik i biv\u0161i profesor sa Bogoslovije. Razgovarali su o ulozi i uticaju religije na dru\u0161tvene i politi\u010dke odnose na Balkanu<\/p>\n","protected":false},"author":1,"featured_media":409414,"comment_status":"open","ping_status":"closed","sticky":false,"template":"","format":"standard","meta":{"_seopress_robots_primary_cat":"none","_seopress_titles_title":"","_seopress_titles_desc":"","_seopress_robots_index":"","_et_pb_use_builder":"","_et_pb_old_content":"","_et_gb_content_width":"","inline_featured_image":false,"footnotes":""},"categories":[14],"tags":[],"class_list":["post-409411","post","type-post","status-publish","format-standard","has-post-thumbnail","hentry","category-vijesti"],"_links":{"self":[{"href":"https:\/\/www.pcnen.com\/portal\/wp-json\/wp\/v2\/posts\/409411","targetHints":{"allow":["GET"]}}],"collection":[{"href":"https:\/\/www.pcnen.com\/portal\/wp-json\/wp\/v2\/posts"}],"about":[{"href":"https:\/\/www.pcnen.com\/portal\/wp-json\/wp\/v2\/types\/post"}],"author":[{"embeddable":true,"href":"https:\/\/www.pcnen.com\/portal\/wp-json\/wp\/v2\/users\/1"}],"replies":[{"embeddable":true,"href":"https:\/\/www.pcnen.com\/portal\/wp-json\/wp\/v2\/comments?post=409411"}],"version-history":[{"count":1,"href":"https:\/\/www.pcnen.com\/portal\/wp-json\/wp\/v2\/posts\/409411\/revisions"}],"predecessor-version":[{"id":409415,"href":"https:\/\/www.pcnen.com\/portal\/wp-json\/wp\/v2\/posts\/409411\/revisions\/409415"}],"wp:featuredmedia":[{"embeddable":true,"href":"https:\/\/www.pcnen.com\/portal\/wp-json\/wp\/v2\/media\/409414"}],"wp:attachment":[{"href":"https:\/\/www.pcnen.com\/portal\/wp-json\/wp\/v2\/media?parent=409411"}],"wp:term":[{"taxonomy":"category","embeddable":true,"href":"https:\/\/www.pcnen.com\/portal\/wp-json\/wp\/v2\/categories?post=409411"},{"taxonomy":"post_tag","embeddable":true,"href":"https:\/\/www.pcnen.com\/portal\/wp-json\/wp\/v2\/tags?post=409411"}],"curies":[{"name":"wp","href":"https:\/\/api.w.org\/{rel}","templated":true}]}}