{"id":409407,"date":"2024-08-09T11:48:36","date_gmt":"2024-08-09T09:48:36","guid":{"rendered":"https:\/\/www.pcnen.com\/portal\/?p=409407"},"modified":"2024-08-09T11:48:36","modified_gmt":"2024-08-09T09:48:36","slug":"klasic-jadna-je-takva-drzava-u-kojoj-2024-godine-trebate-zakonski-propisati-da-je-pozdrav-koji-su-koristili-hitlerove-sluge-i-suradnici-nesto-stetno","status":"publish","type":"post","link":"https:\/\/www.pcnen.com\/portal\/2024\/08\/09\/klasic-jadna-je-takva-drzava-u-kojoj-2024-godine-trebate-zakonski-propisati-da-je-pozdrav-koji-su-koristili-hitlerove-sluge-i-suradnici-nesto-stetno\/","title":{"rendered":"Klasi\u0107: Jadna je takva dr\u017eava u kojoj 2024. godine trebate zakonski propisati da je pozdrav koji su koristili Hitlerove sluge i suradnici ne\u0161to \u0161tetno"},"content":{"rendered":"<p>Hrvatski istori\u010dar Hrvoje Klasi\u0107 ka\u017ee da ga je sramota \u017eivjeti u dr\u017eavi u kojoj treba zakonski zabranjivati pozdrave koje su koristili sluge i saradnici Adolfa Hitlera.<\/p>\n<p>&#8220;Jadna je takva dr\u017eava u kojoj 2024. godine trebate zakonski propisati da je pozdrav koji su koristili Hitlerove sluge i suradnici ne\u0161to \u0161tetno, da ga treba zakonski zabraniti i ka\u017enjavati, umjesto da je to svima o\u010digledno&#8221;, izjavio je on za agenciju Hina, <a href=\"https:\/\/www.index.hr\/vijesti\/clanak\/klasic-sram-me-zivjeti-u-ovoj-drzavi-nazor-u-imotskom-je-bila-domoljubna-atmosfera\/2589052.aspx\" target=\"_blank\" rel=\"noopener\">prenosi<\/a> portal Index.hr.<\/p>\n<p>&#8220;Razli\u010dita tuma\u010denja su pri\u010de za malu djecu, Hrvatska pokazuje ovime samo da je nezrela dr\u017eava prepuna nacionalista, i to ekstremnih nacionalista&#8221;, dodao je Klasi\u0107.<\/p>\n<p>On je istakao da Hrvatska u Ustavu jasno navodi da se temelji na antifa\u0161izmu, a ne na usta\u0161tvu Nezavisne Dr\u017eave Hrvatske.<\/p>\n<p>Kako navodi, &#8220;za dom spremni&#8221; bio je usta\u0161ki pozdrav i 1941. i 1991. godine, i to \u0161to su ga zapo\u010deli koristiti neki drugi koji sebe nisu nazivali ba\u0161 tim imenom, ne mijenja na stvari.<\/p>\n<p>Ljudi u HSP-u, podsje\u0107a, kada su osnivali HOS preuzeli su pozdrav &#8220;za dom spremni&#8221; i vojne formacije nazvali po usta\u0161kim komandantima.<\/p>\n<p>&#8220;Ne rade to zato \u0161to misle da su to stari hrvatski pozdravi ili stari hrvatski junaci, nego zato \u0161to je sve to skupa povezano s usta\u0161tvom i time se oni ponose&#8221;, kazao je Klasi\u0107.<\/p>\n<p>&#8220;To se nije smjelo dogoditi 1990-ih, ali na\u017ealost se dogodilo, a gre\u0161ku se trebalo ispravljati s vremenom, \u0161to nije napravljeno&#8221;, ka\u017ee Klasi\u0107.<\/p>\n<p>Portal Index.hr je objavio i op\u0161iran \u010dlanak u kome obja\u0161njava ko su bili Jure i Boban, o kojima pjevaju hrvatske novousta\u0161e. Index.hr <a href=\"https:\/\/www.index.hr\/vijesti\/clanak\/tko-su-bili-jure-i-boban\/2588919.aspx?index_ref=naslovnica_vijesti_ostalo_d_0\" target=\"_blank\" rel=\"noopener\">podsje\u0107a<\/a> na to da se radi o ratnim zlo\u010dincima.<\/p>\n","protected":false},"excerpt":{"rendered":"<p>Portal Index.hr je objavio i op\u0161iran \u010dlanak u kome obja\u0161njava ko su bili Jure i Boban, o kojima pjevaju hrvatske novousta\u0161e. Index.hr podsje\u0107a na to da se radi o ratnim zlo\u010dincima<\/p>\n","protected":false},"author":1,"featured_media":313574,"comment_status":"open","ping_status":"closed","sticky":false,"template":"","format":"standard","meta":{"_seopress_robots_primary_cat":"none","_seopress_titles_title":"","_seopress_titles_desc":"","_seopress_robots_index":"","_et_pb_use_builder":"","_et_pb_old_content":"","_et_gb_content_width":"","inline_featured_image":false,"footnotes":""},"categories":[14],"tags":[],"class_list":["post-409407","post","type-post","status-publish","format-standard","has-post-thumbnail","hentry","category-vijesti"],"_links":{"self":[{"href":"https:\/\/www.pcnen.com\/portal\/wp-json\/wp\/v2\/posts\/409407","targetHints":{"allow":["GET"]}}],"collection":[{"href":"https:\/\/www.pcnen.com\/portal\/wp-json\/wp\/v2\/posts"}],"about":[{"href":"https:\/\/www.pcnen.com\/portal\/wp-json\/wp\/v2\/types\/post"}],"author":[{"embeddable":true,"href":"https:\/\/www.pcnen.com\/portal\/wp-json\/wp\/v2\/users\/1"}],"replies":[{"embeddable":true,"href":"https:\/\/www.pcnen.com\/portal\/wp-json\/wp\/v2\/comments?post=409407"}],"version-history":[{"count":1,"href":"https:\/\/www.pcnen.com\/portal\/wp-json\/wp\/v2\/posts\/409407\/revisions"}],"predecessor-version":[{"id":409410,"href":"https:\/\/www.pcnen.com\/portal\/wp-json\/wp\/v2\/posts\/409407\/revisions\/409410"}],"wp:featuredmedia":[{"embeddable":true,"href":"https:\/\/www.pcnen.com\/portal\/wp-json\/wp\/v2\/media\/313574"}],"wp:attachment":[{"href":"https:\/\/www.pcnen.com\/portal\/wp-json\/wp\/v2\/media?parent=409407"}],"wp:term":[{"taxonomy":"category","embeddable":true,"href":"https:\/\/www.pcnen.com\/portal\/wp-json\/wp\/v2\/categories?post=409407"},{"taxonomy":"post_tag","embeddable":true,"href":"https:\/\/www.pcnen.com\/portal\/wp-json\/wp\/v2\/tags?post=409407"}],"curies":[{"name":"wp","href":"https:\/\/api.w.org\/{rel}","templated":true}]}}