{"id":409303,"date":"2024-08-07T18:34:30","date_gmt":"2024-08-07T16:34:30","guid":{"rendered":"https:\/\/www.pcnen.com\/portal\/?p=409303"},"modified":"2024-08-07T18:34:30","modified_gmt":"2024-08-07T16:34:30","slug":"napeta-atmosfera-u-britaniji-pred-vecerasnje-proteste","status":"publish","type":"post","link":"https:\/\/www.pcnen.com\/portal\/2024\/08\/07\/napeta-atmosfera-u-britaniji-pred-vecerasnje-proteste\/","title":{"rendered":"Napeta atmosfera u Britaniji pred ve\u010dera\u0161nje proteste"},"content":{"rendered":"<p>Britanska policija se danas priprema za nove protivislamske nerede zbog najava krajnje desnih grupa da \u0107e napadati centre za tra\u017eitelje azila i imigrantske kancelarije diljem zemlje. Antifa\u0161isti\u010dki protestanti su, tako\u0111e, najavili da \u0107e odr\u017eati svoje skupove, <a href=\"https:\/\/www.index.hr\/vijesti\/clanak\/u-engleskoj-se-sprema-obracun-daske-na-izlozima-trgovina-sve-puno-policije\/2588707.aspx\" target=\"_blank\" rel=\"noopener\">prenosi<\/a> portal Index.hr.<\/p>\n<p>Vlasnici trgovina diljem Engleske prekrivaju izloge daskama ili drugim materijalima<\/p>\n<p>Londonska policija je upozorila roditelje da pripaze gdje su im djeca tokom o\u010dekivanih ve\u010dera\u0161njih protesta.<\/p>\n<p>Na ulicama vlada napeta atmosfera uz sporadi\u010dne nasilne izgrede otkako su pro\u0161le sedmice ubijene tri djevoj\u010dice u sjeverozapadnom engleskom gradu Southportu.<\/p>\n<p>Internetom se prvo pro\u0161irila vijest da iza napada stoji Ali Al-\u0160akati, navodni muslimanski tra\u017eitelj azila koji je u Veliku Britaniju stigao \u010damcem te je na listi posmatranja MI6-a. U kona\u010dnici je objavljeno kako je napada\u010d 17-godi\u0161nji Aksel Rudakubana, mladi\u0107 ro\u0111en u kardifu kojem su roditelji porijekom iz Ruande.<\/p>\n","protected":false},"excerpt":{"rendered":"<p>Britanska policija se danas priprema za nove protivislamske nerede zbog najava krajnje desnih grupa da \u0107e napadati centre za tra\u017eitelje azila i imigrantske kancelarije diljem zemlje. Antifa\u0161isti\u010dki protestanti su, tako\u0111e, najavili da \u0107e odr\u017eati svoje skupove<\/p>\n","protected":false},"author":1,"featured_media":409306,"comment_status":"open","ping_status":"closed","sticky":false,"template":"","format":"standard","meta":{"_seopress_robots_primary_cat":"none","_seopress_titles_title":"","_seopress_titles_desc":"","_seopress_robots_index":"","_et_pb_use_builder":"","_et_pb_old_content":"","_et_gb_content_width":"","inline_featured_image":false,"footnotes":""},"categories":[14],"tags":[],"class_list":["post-409303","post","type-post","status-publish","format-standard","has-post-thumbnail","hentry","category-vijesti"],"_links":{"self":[{"href":"https:\/\/www.pcnen.com\/portal\/wp-json\/wp\/v2\/posts\/409303","targetHints":{"allow":["GET"]}}],"collection":[{"href":"https:\/\/www.pcnen.com\/portal\/wp-json\/wp\/v2\/posts"}],"about":[{"href":"https:\/\/www.pcnen.com\/portal\/wp-json\/wp\/v2\/types\/post"}],"author":[{"embeddable":true,"href":"https:\/\/www.pcnen.com\/portal\/wp-json\/wp\/v2\/users\/1"}],"replies":[{"embeddable":true,"href":"https:\/\/www.pcnen.com\/portal\/wp-json\/wp\/v2\/comments?post=409303"}],"version-history":[{"count":1,"href":"https:\/\/www.pcnen.com\/portal\/wp-json\/wp\/v2\/posts\/409303\/revisions"}],"predecessor-version":[{"id":409307,"href":"https:\/\/www.pcnen.com\/portal\/wp-json\/wp\/v2\/posts\/409303\/revisions\/409307"}],"wp:featuredmedia":[{"embeddable":true,"href":"https:\/\/www.pcnen.com\/portal\/wp-json\/wp\/v2\/media\/409306"}],"wp:attachment":[{"href":"https:\/\/www.pcnen.com\/portal\/wp-json\/wp\/v2\/media?parent=409303"}],"wp:term":[{"taxonomy":"category","embeddable":true,"href":"https:\/\/www.pcnen.com\/portal\/wp-json\/wp\/v2\/categories?post=409303"},{"taxonomy":"post_tag","embeddable":true,"href":"https:\/\/www.pcnen.com\/portal\/wp-json\/wp\/v2\/tags?post=409303"}],"curies":[{"name":"wp","href":"https:\/\/api.w.org\/{rel}","templated":true}]}}