{"id":409288,"date":"2024-08-07T11:56:47","date_gmt":"2024-08-07T09:56:47","guid":{"rendered":"https:\/\/www.pcnen.com\/portal\/?p=409288"},"modified":"2024-08-07T11:56:47","modified_gmt":"2024-08-07T09:56:47","slug":"protest-srba-zbog-najave-pristine-o-otvaranju-mosta-na-ibru","status":"publish","type":"post","link":"https:\/\/www.pcnen.com\/portal\/2024\/08\/07\/protest-srba-zbog-najave-pristine-o-otvaranju-mosta-na-ibru\/","title":{"rendered":"Protest Srba zbog najave Pri\u0161tine o otvaranju mosta na Ibru"},"content":{"rendered":"<p>Srbi sa sjevera Kosova i Metohije okupili su se na mirnom protestu povodom najava Pri\u0161tine o otvaranju glavnog mosta na Ibru, izme\u0111u sjeverne i ju\u017ene Kosovske Mitrovice.<\/p>\n<p>Skup se odr\u017eava na Trgu &#8220;Bra\u0107e Mili\u0107&#8221; koji se nalazi u blizini mosta na Ibru u Kosovskoj Mitrovici.<\/p>\n<p>Srbi sa Kosova i Metohije zabrinuti su za svoju bezbjednost, povodom najava Pri\u0161tine o jednostranom otvaranju mosta i o\u010dekuju da ih KFOR za\u0161titi.<\/p>\n<p>Komanda KFOR-a ponovila je da odluka o otvaranju glavnog mosta u Kosovskoj Mitrovici treba da bude donijeta u okviru dijaloga Beograda i Pri\u0161tine u Biselu, i da njegovi pripadnici ne\u0107e oklijevati da reaguju ukoliko do\u0111e do bilo kakve eskalacije, prenosi portal kossev.<\/p>\n","protected":false},"excerpt":{"rendered":"<p>Srbi sa sjevera Kosova i Metohije okupili su se na mirnom protestu povodom najava Pri\u0161tine o otvaranju glavnog mosta na Ibru, izme\u0111u sjeverne i ju\u017ene Kosovske Mitrovice.<\/p>\n","protected":false},"author":1,"featured_media":409291,"comment_status":"open","ping_status":"closed","sticky":false,"template":"","format":"standard","meta":{"_seopress_robots_primary_cat":"none","_seopress_titles_title":"","_seopress_titles_desc":"","_seopress_robots_index":"","_et_pb_use_builder":"","_et_pb_old_content":"","_et_gb_content_width":"","inline_featured_image":false,"footnotes":""},"categories":[14],"tags":[],"class_list":["post-409288","post","type-post","status-publish","format-standard","has-post-thumbnail","hentry","category-vijesti"],"_links":{"self":[{"href":"https:\/\/www.pcnen.com\/portal\/wp-json\/wp\/v2\/posts\/409288","targetHints":{"allow":["GET"]}}],"collection":[{"href":"https:\/\/www.pcnen.com\/portal\/wp-json\/wp\/v2\/posts"}],"about":[{"href":"https:\/\/www.pcnen.com\/portal\/wp-json\/wp\/v2\/types\/post"}],"author":[{"embeddable":true,"href":"https:\/\/www.pcnen.com\/portal\/wp-json\/wp\/v2\/users\/1"}],"replies":[{"embeddable":true,"href":"https:\/\/www.pcnen.com\/portal\/wp-json\/wp\/v2\/comments?post=409288"}],"version-history":[{"count":1,"href":"https:\/\/www.pcnen.com\/portal\/wp-json\/wp\/v2\/posts\/409288\/revisions"}],"predecessor-version":[{"id":409292,"href":"https:\/\/www.pcnen.com\/portal\/wp-json\/wp\/v2\/posts\/409288\/revisions\/409292"}],"wp:featuredmedia":[{"embeddable":true,"href":"https:\/\/www.pcnen.com\/portal\/wp-json\/wp\/v2\/media\/409291"}],"wp:attachment":[{"href":"https:\/\/www.pcnen.com\/portal\/wp-json\/wp\/v2\/media?parent=409288"}],"wp:term":[{"taxonomy":"category","embeddable":true,"href":"https:\/\/www.pcnen.com\/portal\/wp-json\/wp\/v2\/categories?post=409288"},{"taxonomy":"post_tag","embeddable":true,"href":"https:\/\/www.pcnen.com\/portal\/wp-json\/wp\/v2\/tags?post=409288"}],"curies":[{"name":"wp","href":"https:\/\/api.w.org\/{rel}","templated":true}]}}