{"id":409256,"date":"2024-08-06T21:16:48","date_gmt":"2024-08-06T19:16:48","guid":{"rendered":"https:\/\/www.pcnen.com\/portal\/?p=409256"},"modified":"2024-08-06T21:16:48","modified_gmt":"2024-08-06T19:16:48","slug":"cins-gdje-je-diplomirala-ministarka-milica-djurdjevic-stamenkovski","status":"publish","type":"post","link":"https:\/\/www.pcnen.com\/portal\/2024\/08\/06\/cins-gdje-je-diplomirala-ministarka-milica-djurdjevic-stamenkovski\/","title":{"rendered":"CINS: Gdje je diplomirala ministarka Milica \u0110ur\u0111evi\u0107 Stamenkovski"},"content":{"rendered":"<p>Ministarka za brigu o porodici i demografiju u Vladi Srbije Milica \u0110ur\u0111evi\u0107 Stamenkovski u svojoj biografiji isti\u010de da je na Fakultetu politi\u010dkih nauka stekla zvanje diplomiranog politikologa. Me\u0111utim, Centar za istra\u017eiva\u010dko novinarstvo Srbije (CINS)<a href=\"https:\/\/www.cins.rs\/slucaj-ministarkine-biografije-gde-je-diplomirala-milica-djurdjevic-stamenkovski\/\" target=\"_blank\" rel=\"noopener\"> otkriva<\/a> da tamo nikada nije diplomirala.<\/p>\n<p>Status studentkinje na tom Fakultetu izgubila jo\u0161 2020. godine.<\/p>\n<p>Na republi\u010dkim izborima u decembru 2023. godine, u koaliciji sa pokretom Dveri, njena stranka Zavetnici nije pre\u0161la cenzus. I pored toga, \u0110ur\u0111evi\u0107 Stamenkovski je u Skup\u0161tinu do\u0161la, ali ovoga puta kao kandidatkinja za novu ministarku za brigu o porodici i demografiju, pi\u0161e CINS.<\/p>\n<p>U njenoj biografiji koja je zajedno sa biografijama ostalih predlo\u017eenih ministara i ministarki dostavljena poslanicima, navodi se da je poslije Prve beogradske gimnazije upisala Fakultet politi\u010dkih nauka na kome je stekla zvanje diplomiranog politikologa.<\/p>\n<p>Ovo se godinama navodi i na njenom li\u010dnom sajtu, a nakon \u0161to je izabrana za ministarku, isto je navedeno i na sajtu\u00a0Ministarstva\u00a0koje vodi.<\/p>\n<p>&nbsp;<\/p>\n<p>&nbsp;<\/p>\n","protected":false},"excerpt":{"rendered":"<p>Ministarka za brigu o porodici i demografiju u Vladi Srbije Milica \u0110ur\u0111evi\u0107 Stamenkovski u svojoj biografiji isti\u010de da je na Fakultetu politi\u010dkih nauka stekla zvanje diplomiranog politikologa. Me\u0111utim, Centar za istra\u017eiva\u010dko novinarstvo Srbije (CINS) otkriva da tamo nikada nije diplomirala.<\/p>\n","protected":false},"author":1,"featured_media":274907,"comment_status":"open","ping_status":"closed","sticky":false,"template":"","format":"standard","meta":{"_seopress_robots_primary_cat":"none","_seopress_titles_title":"","_seopress_titles_desc":"","_seopress_robots_index":"","_et_pb_use_builder":"","_et_pb_old_content":"","_et_gb_content_width":"","inline_featured_image":false,"footnotes":""},"categories":[14],"tags":[],"class_list":["post-409256","post","type-post","status-publish","format-standard","has-post-thumbnail","hentry","category-vijesti"],"_links":{"self":[{"href":"https:\/\/www.pcnen.com\/portal\/wp-json\/wp\/v2\/posts\/409256","targetHints":{"allow":["GET"]}}],"collection":[{"href":"https:\/\/www.pcnen.com\/portal\/wp-json\/wp\/v2\/posts"}],"about":[{"href":"https:\/\/www.pcnen.com\/portal\/wp-json\/wp\/v2\/types\/post"}],"author":[{"embeddable":true,"href":"https:\/\/www.pcnen.com\/portal\/wp-json\/wp\/v2\/users\/1"}],"replies":[{"embeddable":true,"href":"https:\/\/www.pcnen.com\/portal\/wp-json\/wp\/v2\/comments?post=409256"}],"version-history":[{"count":1,"href":"https:\/\/www.pcnen.com\/portal\/wp-json\/wp\/v2\/posts\/409256\/revisions"}],"predecessor-version":[{"id":409259,"href":"https:\/\/www.pcnen.com\/portal\/wp-json\/wp\/v2\/posts\/409256\/revisions\/409259"}],"wp:featuredmedia":[{"embeddable":true,"href":"https:\/\/www.pcnen.com\/portal\/wp-json\/wp\/v2\/media\/274907"}],"wp:attachment":[{"href":"https:\/\/www.pcnen.com\/portal\/wp-json\/wp\/v2\/media?parent=409256"}],"wp:term":[{"taxonomy":"category","embeddable":true,"href":"https:\/\/www.pcnen.com\/portal\/wp-json\/wp\/v2\/categories?post=409256"},{"taxonomy":"post_tag","embeddable":true,"href":"https:\/\/www.pcnen.com\/portal\/wp-json\/wp\/v2\/tags?post=409256"}],"curies":[{"name":"wp","href":"https:\/\/api.w.org\/{rel}","templated":true}]}}