{"id":409247,"date":"2024-08-06T20:41:37","date_gmt":"2024-08-06T18:41:37","guid":{"rendered":"https:\/\/www.pcnen.com\/portal\/?p=409247"},"modified":"2024-08-06T20:41:37","modified_gmt":"2024-08-06T18:41:37","slug":"najvisa-dnevna-temperatura-od-25-do-36-stepeni","status":"publish","type":"post","link":"https:\/\/www.pcnen.com\/portal\/2024\/08\/06\/najvisa-dnevna-temperatura-od-25-do-36-stepeni\/","title":{"rendered":"Najvi\u0161a dnevna temperatura od 25 do 36 stepeni"},"content":{"rendered":"<p>Prete\u017eno sun\u010dano, uz slab do umjeren razvoj obla\u010dnosti u kontinentalnim predjelima popodne, zvani\u010dna je prognoza vremena za srijedu u Crnoj Gori.<\/p>\n<p>Vjetar \u0107e biti slab do umjeren i promjenljiv. Uglavnom na jugoistoku zrmlje \u0107e povremeno duvati umjereno do poja\u010dano sa sjevera.<\/p>\n<p>Jutarnja temperatura vazduha bi\u0107e u rasponu od 11 do 24, a najvi\u0161a dnevna od 25 do 36 stepeni.<\/p>\n<p>U Podgorici \u0107e biti sun\u010dano, uz slab do umjeren razvoj dnevne obla\u010dnosti.<\/p>\n<p>Slab do umjeren vjetar \u0107e mijenjati smjer. Ujutr \u0107e duvati umjeren do poja\u010dan sjeveroisto\u010dnjak.<\/p>\n<p>Jutarnja temperatura vazduha bi\u0107e oko 24, a najvi\u0161a dnevna 36 stepeni.<\/p>\n","protected":false},"excerpt":{"rendered":"<p>Prete\u017eno sun\u010dano, uz slab do umjeren razvoj obla\u010dnosti u kontinentalnim predjelima popodne, zvani\u010dna je prognoza vremena za srijedu u Crnoj Gori<\/p>\n","protected":false},"author":1,"featured_media":352012,"comment_status":"open","ping_status":"closed","sticky":false,"template":"","format":"standard","meta":{"_seopress_robots_primary_cat":"none","_seopress_titles_title":"","_seopress_titles_desc":"","_seopress_robots_index":"","_et_pb_use_builder":"","_et_pb_old_content":"","_et_gb_content_width":"","inline_featured_image":false,"footnotes":""},"categories":[14],"tags":[],"class_list":["post-409247","post","type-post","status-publish","format-standard","has-post-thumbnail","hentry","category-vijesti"],"_links":{"self":[{"href":"https:\/\/www.pcnen.com\/portal\/wp-json\/wp\/v2\/posts\/409247","targetHints":{"allow":["GET"]}}],"collection":[{"href":"https:\/\/www.pcnen.com\/portal\/wp-json\/wp\/v2\/posts"}],"about":[{"href":"https:\/\/www.pcnen.com\/portal\/wp-json\/wp\/v2\/types\/post"}],"author":[{"embeddable":true,"href":"https:\/\/www.pcnen.com\/portal\/wp-json\/wp\/v2\/users\/1"}],"replies":[{"embeddable":true,"href":"https:\/\/www.pcnen.com\/portal\/wp-json\/wp\/v2\/comments?post=409247"}],"version-history":[{"count":1,"href":"https:\/\/www.pcnen.com\/portal\/wp-json\/wp\/v2\/posts\/409247\/revisions"}],"predecessor-version":[{"id":409250,"href":"https:\/\/www.pcnen.com\/portal\/wp-json\/wp\/v2\/posts\/409247\/revisions\/409250"}],"wp:featuredmedia":[{"embeddable":true,"href":"https:\/\/www.pcnen.com\/portal\/wp-json\/wp\/v2\/media\/352012"}],"wp:attachment":[{"href":"https:\/\/www.pcnen.com\/portal\/wp-json\/wp\/v2\/media?parent=409247"}],"wp:term":[{"taxonomy":"category","embeddable":true,"href":"https:\/\/www.pcnen.com\/portal\/wp-json\/wp\/v2\/categories?post=409247"},{"taxonomy":"post_tag","embeddable":true,"href":"https:\/\/www.pcnen.com\/portal\/wp-json\/wp\/v2\/tags?post=409247"}],"curies":[{"name":"wp","href":"https:\/\/api.w.org\/{rel}","templated":true}]}}