{"id":409239,"date":"2024-08-06T17:10:30","date_gmt":"2024-08-06T15:10:30","guid":{"rendered":"https:\/\/www.pcnen.com\/portal\/?p=409239"},"modified":"2024-08-06T17:10:30","modified_gmt":"2024-08-06T15:10:30","slug":"spajic-svakih-sest-mjeseci-reevaluacija-vlade","status":"publish","type":"post","link":"https:\/\/www.pcnen.com\/portal\/2024\/08\/06\/spajic-svakih-sest-mjeseci-reevaluacija-vlade\/","title":{"rendered":"Spaji\u0107: Svakih \u0161est mjeseci reevaluacija Vlade"},"content":{"rendered":"<p>Premijer Crne Gore Milojko Spaji\u0107 je najavio da \u0107e na svakih \u0161est mjeseci raditi reevaluaciju Vlade i vidjeti ko je radio dobro, a ko lo\u0161e.<\/p>\n<p>\u201eImali ste, naro\u010dito za vrijeme Demokratske partije socijalista, ali i nekih drugih vlada, slu\u010daj da se ministri ili drugi visokopozicionirani politi\u010dari \u201e\u0161altaju\u201c iz jednog ministarstva u drugo, bez obzira na to kako su radili\u201c, naveo je Spaji\u0107 u intervjuu ahenciji Mina.<\/p>\n<p>\u201eMi sada imamo politi\u010dku odgovornost za sve ministre, oni i njihovi dr\u017eavni sekretari mora\u0107e da poka\u017eu mnogo vi\u0161e rada, truda, ozbiljnosti, odgovornosti, i oni koji ne budu dobro radili, mogu da ra\u010dunaju da \u0107e biti smijenjeni\u201c, poru\u010dio je Spaji\u0107.<\/p>\n","protected":false},"excerpt":{"rendered":"<p>Premijer Crne Gore Milojko Spaji\u0107 je najavio da \u0107e na svakih \u0161est mjeseci raditi reevaluaciju Vlade i vidjeti ko je radio dobro, a ko lo\u0161e.<\/p>\n","protected":false},"author":1,"featured_media":388781,"comment_status":"open","ping_status":"closed","sticky":false,"template":"","format":"standard","meta":{"_seopress_robots_primary_cat":"none","_seopress_titles_title":"","_seopress_titles_desc":"","_seopress_robots_index":"","_et_pb_use_builder":"","_et_pb_old_content":"","_et_gb_content_width":"","inline_featured_image":false,"footnotes":""},"categories":[14],"tags":[],"class_list":["post-409239","post","type-post","status-publish","format-standard","has-post-thumbnail","hentry","category-vijesti"],"_links":{"self":[{"href":"https:\/\/www.pcnen.com\/portal\/wp-json\/wp\/v2\/posts\/409239","targetHints":{"allow":["GET"]}}],"collection":[{"href":"https:\/\/www.pcnen.com\/portal\/wp-json\/wp\/v2\/posts"}],"about":[{"href":"https:\/\/www.pcnen.com\/portal\/wp-json\/wp\/v2\/types\/post"}],"author":[{"embeddable":true,"href":"https:\/\/www.pcnen.com\/portal\/wp-json\/wp\/v2\/users\/1"}],"replies":[{"embeddable":true,"href":"https:\/\/www.pcnen.com\/portal\/wp-json\/wp\/v2\/comments?post=409239"}],"version-history":[{"count":1,"href":"https:\/\/www.pcnen.com\/portal\/wp-json\/wp\/v2\/posts\/409239\/revisions"}],"predecessor-version":[{"id":409242,"href":"https:\/\/www.pcnen.com\/portal\/wp-json\/wp\/v2\/posts\/409239\/revisions\/409242"}],"wp:featuredmedia":[{"embeddable":true,"href":"https:\/\/www.pcnen.com\/portal\/wp-json\/wp\/v2\/media\/388781"}],"wp:attachment":[{"href":"https:\/\/www.pcnen.com\/portal\/wp-json\/wp\/v2\/media?parent=409239"}],"wp:term":[{"taxonomy":"category","embeddable":true,"href":"https:\/\/www.pcnen.com\/portal\/wp-json\/wp\/v2\/categories?post=409239"},{"taxonomy":"post_tag","embeddable":true,"href":"https:\/\/www.pcnen.com\/portal\/wp-json\/wp\/v2\/tags?post=409239"}],"curies":[{"name":"wp","href":"https:\/\/api.w.org\/{rel}","templated":true}]}}