{"id":409229,"date":"2024-08-06T13:54:10","date_gmt":"2024-08-06T11:54:10","guid":{"rendered":"https:\/\/www.pcnen.com\/portal\/?p=409229"},"modified":"2024-08-06T13:54:10","modified_gmt":"2024-08-06T11:54:10","slug":"borelj-bliski-istok-na-ivici-rata-nepoznatih-razmjera","status":"publish","type":"post","link":"https:\/\/www.pcnen.com\/portal\/2024\/08\/06\/borelj-bliski-istok-na-ivici-rata-nepoznatih-razmjera\/","title":{"rendered":"Borelj: Bliski istok na ivici rata nepoznatih razmjera"},"content":{"rendered":"<p>Visoki predstavnik EU za spoljnu politiku i bezbjednost \u017dozep Borelj izjavio je da tenzije koje eskaliraju na Bliskom istoku dovode region na ivicu rata nepoznatih razmjera.<\/p>\n<p>Borelj je na dru\u0161tvenoj mre\u017ei X pozvao na preduzimanje mjera kako bi se \u201esprije\u010dila jedna katastrofa\u201c.<\/p>\n<p>Najmanje pet ameri\u010dkih vojnika povrije\u0111eno je u napadu na vojnu bazu u Iraku u ponedjeljak, rekli su ameri\u010dki zvani\u010dnici.<\/p>\n<p>Bliski istok se sprema za moguc\u0301i novi napad Irana i njegovih saveznika na Izrael, zbog ubistava funkcionera Hamasa i Hezbolaha.<\/p>\n<blockquote class=\"wp-embedded-content\" data-secret=\"RjY9GOiEGP\"><p><a href=\"https:\/\/www.pcnen.com\/portal\/2024\/08\/05\/iran-izdao-hitno-upozorenje-avionima-da-izbjegavaju-njegov-vazdusni-prostor\/\">Iran izdao hitno upozorenje avionima da izbjegavaju njegov vazdu\u0161ni prostor<\/a><\/p><\/blockquote>\n<p><iframe loading=\"lazy\" class=\"wp-embedded-content\" sandbox=\"allow-scripts\" security=\"restricted\" style=\"position: absolute; visibility: hidden;\" title=\"&#8220;Iran izdao hitno upozorenje avionima da izbjegavaju njegov vazdu\u0161ni prostor&#8221; &#8212; PCNEN\" src=\"https:\/\/www.pcnen.com\/portal\/2024\/08\/05\/iran-izdao-hitno-upozorenje-avionima-da-izbjegavaju-njegov-vazdusni-prostor\/embed\/#?secret=yEqnSG4FcF#?secret=RjY9GOiEGP\" data-secret=\"RjY9GOiEGP\" width=\"600\" height=\"338\" frameborder=\"0\" marginwidth=\"0\" marginheight=\"0\" scrolling=\"no\"><\/iframe><\/p>\n","protected":false},"excerpt":{"rendered":"<p>Visoki predstavnik EU za spoljnu politiku i bezbjednost \u017dozep Borelj izjavio je da tenzije koje eskaliraju na Bliskom istoku dovode region na ivicu rata nepoznatih razmjera.<\/p>\n","protected":false},"author":1,"featured_media":319239,"comment_status":"open","ping_status":"closed","sticky":false,"template":"","format":"standard","meta":{"_seopress_robots_primary_cat":"none","_seopress_titles_title":"","_seopress_titles_desc":"","_seopress_robots_index":"","_et_pb_use_builder":"","_et_pb_old_content":"","_et_gb_content_width":"","inline_featured_image":false,"footnotes":""},"categories":[14],"tags":[],"class_list":["post-409229","post","type-post","status-publish","format-standard","has-post-thumbnail","hentry","category-vijesti"],"_links":{"self":[{"href":"https:\/\/www.pcnen.com\/portal\/wp-json\/wp\/v2\/posts\/409229","targetHints":{"allow":["GET"]}}],"collection":[{"href":"https:\/\/www.pcnen.com\/portal\/wp-json\/wp\/v2\/posts"}],"about":[{"href":"https:\/\/www.pcnen.com\/portal\/wp-json\/wp\/v2\/types\/post"}],"author":[{"embeddable":true,"href":"https:\/\/www.pcnen.com\/portal\/wp-json\/wp\/v2\/users\/1"}],"replies":[{"embeddable":true,"href":"https:\/\/www.pcnen.com\/portal\/wp-json\/wp\/v2\/comments?post=409229"}],"version-history":[{"count":1,"href":"https:\/\/www.pcnen.com\/portal\/wp-json\/wp\/v2\/posts\/409229\/revisions"}],"predecessor-version":[{"id":409232,"href":"https:\/\/www.pcnen.com\/portal\/wp-json\/wp\/v2\/posts\/409229\/revisions\/409232"}],"wp:featuredmedia":[{"embeddable":true,"href":"https:\/\/www.pcnen.com\/portal\/wp-json\/wp\/v2\/media\/319239"}],"wp:attachment":[{"href":"https:\/\/www.pcnen.com\/portal\/wp-json\/wp\/v2\/media?parent=409229"}],"wp:term":[{"taxonomy":"category","embeddable":true,"href":"https:\/\/www.pcnen.com\/portal\/wp-json\/wp\/v2\/categories?post=409229"},{"taxonomy":"post_tag","embeddable":true,"href":"https:\/\/www.pcnen.com\/portal\/wp-json\/wp\/v2\/tags?post=409229"}],"curies":[{"name":"wp","href":"https:\/\/api.w.org\/{rel}","templated":true}]}}