{"id":409225,"date":"2024-08-06T13:32:14","date_gmt":"2024-08-06T11:32:14","guid":{"rendered":"https:\/\/www.pcnen.com\/portal\/?p=409225"},"modified":"2024-08-06T13:32:14","modified_gmt":"2024-08-06T11:32:14","slug":"dan-kada-je-u-hirosimi-ubijeno-140-000-ljudi","status":"publish","type":"post","link":"https:\/\/www.pcnen.com\/portal\/2024\/08\/06\/dan-kada-je-u-hirosimi-ubijeno-140-000-ljudi\/","title":{"rendered":"Dan kada je u Hiro\u0161imi ubijeno 140.000 ljudi"},"content":{"rendered":"<p>U Hiro\u0161imi je danas obilje\u017eena 79. godi\u0161njica od napada atomskom bombom koji su izvele SAD, a oko 50.000 ljudi odalo je minutom \u0107utanja po\u010dast \u017ertvama napada.<\/p>\n<p>Gradona\u010delnik Hiro\u0161ime Kazumi Macui pozvao je ljude da se ujedine kako bi podstakli svjetske lidere da odustanu od nuklearnih prijetnji usred globalnih sukoba, uklju\u010dujuc\u0301i rat u Ukrajini i na Bliskom istoku.<\/p>\n<p>Macui je rekao da rat u Ukrajini i pogor\u0161anje sukoba izme\u0111u Izraela i Palestinaca produbljuju nepovjerenje i strah me\u0111u narodima i ja\u010daju stav da je upotreba sile u rje\u0161avanju sukoba neizbje\u017ena, prenosi agencija Kjodo.<\/p>\n<p>On je dodao da svaka kriti\u010dna situacija mo\u017ee da se prevazi\u0111e kroz dijalog, navode\u0107i da je Hladni rat priveden kraju dijalogom poslednjeg lidera Sovjetskog Saveza Mihaila Gorba\u010dova i tada\u0161njeg predsjednika SAD Ronalda Regana.<\/p>\n<p>Tako\u0111e je pozvao sve svjetske lidere da posjete Hiro\u0161imu, jer \u0107e tako bolje razumjeti koje su posledice atomskog bombardovanja.<\/p>\n<p>Atomska bomba koju su SAD bacile na Hiro\u0161imu 6. avgusta 1945. godine, pred kraj Drugog svjetskog rata, uni\u0161tila je grad, ubiv\u0161i 140.000 ljudi.<\/p>\n<p>Druga bomba ba\u010dena je tri dana kasnije na Nagasaki, kada je poginulo 70.000 ljudi.<\/p>\n<p>Japan se predao 15. avgusta.<\/p>\n<p>Oni koji su pre\u017eivjeli napade atomskim bombama imali su trajne posledice, po\u0161to su bili izlo\u017eeni radijaciji.<\/p>\n<p>Pre\u017eivjeli iz Hiro\u0161ime i Nagasakija su poznati kao \u201ehibaku\u0161a\u201c i zala\u017eu su se za zabranu nuklearnog oru\u017eja.<\/p>\n","protected":false},"excerpt":{"rendered":"<p>U Hiro\u0161imi je danas obilje\u017eena 79. godi\u0161njica od napada atomskom bombom koji su izvele SAD, a oko 50.000 ljudi odalo je minutom \u0107utanja po\u010dast \u017ertvama napada.<\/p>\n","protected":false},"author":1,"featured_media":352039,"comment_status":"open","ping_status":"closed","sticky":false,"template":"","format":"standard","meta":{"_seopress_robots_primary_cat":"none","_seopress_titles_title":"","_seopress_titles_desc":"","_seopress_robots_index":"","_et_pb_use_builder":"","_et_pb_old_content":"","_et_gb_content_width":"","inline_featured_image":false,"footnotes":""},"categories":[14],"tags":[],"class_list":["post-409225","post","type-post","status-publish","format-standard","has-post-thumbnail","hentry","category-vijesti"],"_links":{"self":[{"href":"https:\/\/www.pcnen.com\/portal\/wp-json\/wp\/v2\/posts\/409225","targetHints":{"allow":["GET"]}}],"collection":[{"href":"https:\/\/www.pcnen.com\/portal\/wp-json\/wp\/v2\/posts"}],"about":[{"href":"https:\/\/www.pcnen.com\/portal\/wp-json\/wp\/v2\/types\/post"}],"author":[{"embeddable":true,"href":"https:\/\/www.pcnen.com\/portal\/wp-json\/wp\/v2\/users\/1"}],"replies":[{"embeddable":true,"href":"https:\/\/www.pcnen.com\/portal\/wp-json\/wp\/v2\/comments?post=409225"}],"version-history":[{"count":1,"href":"https:\/\/www.pcnen.com\/portal\/wp-json\/wp\/v2\/posts\/409225\/revisions"}],"predecessor-version":[{"id":409228,"href":"https:\/\/www.pcnen.com\/portal\/wp-json\/wp\/v2\/posts\/409225\/revisions\/409228"}],"wp:featuredmedia":[{"embeddable":true,"href":"https:\/\/www.pcnen.com\/portal\/wp-json\/wp\/v2\/media\/352039"}],"wp:attachment":[{"href":"https:\/\/www.pcnen.com\/portal\/wp-json\/wp\/v2\/media?parent=409225"}],"wp:term":[{"taxonomy":"category","embeddable":true,"href":"https:\/\/www.pcnen.com\/portal\/wp-json\/wp\/v2\/categories?post=409225"},{"taxonomy":"post_tag","embeddable":true,"href":"https:\/\/www.pcnen.com\/portal\/wp-json\/wp\/v2\/tags?post=409225"}],"curies":[{"name":"wp","href":"https:\/\/api.w.org\/{rel}","templated":true}]}}