{"id":409193,"date":"2024-08-05T21:41:19","date_gmt":"2024-08-05T19:41:19","guid":{"rendered":"https:\/\/www.pcnen.com\/portal\/?p=409193"},"modified":"2024-08-05T23:02:33","modified_gmt":"2024-08-05T21:02:33","slug":"suncano-do-36-stepeni-11","status":"publish","type":"post","link":"https:\/\/www.pcnen.com\/portal\/2024\/08\/05\/suncano-do-36-stepeni-11\/","title":{"rendered":"Sun\u010dano, do 36 stepeni"},"content":{"rendered":"<p>Na jugu i u centralnoj Crnoj Gori u utorak \u0107e biti prete\u017eno sun\u010dano, uz ponegdje malu do umjerenu obla\u010dnost.<\/p>\n<p>Na sjeveru promjenljivo obla\u010dno sa sun\u010danim intervalima, a u popodnevnim satima ponegdje uslovi za slabu kratkotrajnu ki\u0161u.<\/p>\n<p>Vjetar slab do umjeren bi\u0107e sjeverni, u jutarnjim i no\u0107nim satima ponegdje umjeren do poja\u010dan.<\/p>\n<p>Jutarnja temperatura vazduha kreta\u0107e se od 10 do 24, najvi\u0161a dnevna od 22 do 36 stepeni.<\/p>\n<p>U Podgorici \u0107e biti sun\u010dano uz slab do umjeren razvoj dnevne obla\u010dnosti.<\/p>\n<p>Vjetar uglavnom slab do umjeren, bi\u0107e promjenljivog smjera.<\/p>\n<p>Jutarnja temperatura vazduha kreta\u0107e se oko 23, najvi\u0161a dnevna do 36 stepeni.<\/p>\n","protected":false},"excerpt":{"rendered":"<p>Na jugu i u centralnoj Crnoj Gori u utorak \u0107e biti prete\u017eno sun\u010dano, uz ponegdje malu do umjerenu obla\u010dnost.<\/p>\n","protected":false},"author":1,"featured_media":322175,"comment_status":"open","ping_status":"closed","sticky":false,"template":"","format":"standard","meta":{"_seopress_robots_primary_cat":"none","_seopress_titles_title":"","_seopress_titles_desc":"","_seopress_robots_index":"","_et_pb_use_builder":"","_et_pb_old_content":"","_et_gb_content_width":"","inline_featured_image":false,"footnotes":""},"categories":[14],"tags":[],"class_list":["post-409193","post","type-post","status-publish","format-standard","has-post-thumbnail","hentry","category-vijesti"],"_links":{"self":[{"href":"https:\/\/www.pcnen.com\/portal\/wp-json\/wp\/v2\/posts\/409193","targetHints":{"allow":["GET"]}}],"collection":[{"href":"https:\/\/www.pcnen.com\/portal\/wp-json\/wp\/v2\/posts"}],"about":[{"href":"https:\/\/www.pcnen.com\/portal\/wp-json\/wp\/v2\/types\/post"}],"author":[{"embeddable":true,"href":"https:\/\/www.pcnen.com\/portal\/wp-json\/wp\/v2\/users\/1"}],"replies":[{"embeddable":true,"href":"https:\/\/www.pcnen.com\/portal\/wp-json\/wp\/v2\/comments?post=409193"}],"version-history":[{"count":1,"href":"https:\/\/www.pcnen.com\/portal\/wp-json\/wp\/v2\/posts\/409193\/revisions"}],"predecessor-version":[{"id":409196,"href":"https:\/\/www.pcnen.com\/portal\/wp-json\/wp\/v2\/posts\/409193\/revisions\/409196"}],"wp:featuredmedia":[{"embeddable":true,"href":"https:\/\/www.pcnen.com\/portal\/wp-json\/wp\/v2\/media\/322175"}],"wp:attachment":[{"href":"https:\/\/www.pcnen.com\/portal\/wp-json\/wp\/v2\/media?parent=409193"}],"wp:term":[{"taxonomy":"category","embeddable":true,"href":"https:\/\/www.pcnen.com\/portal\/wp-json\/wp\/v2\/categories?post=409193"},{"taxonomy":"post_tag","embeddable":true,"href":"https:\/\/www.pcnen.com\/portal\/wp-json\/wp\/v2\/tags?post=409193"}],"curies":[{"name":"wp","href":"https:\/\/api.w.org\/{rel}","templated":true}]}}