{"id":409174,"date":"2024-08-05T17:54:24","date_gmt":"2024-08-05T15:54:24","guid":{"rendered":"https:\/\/www.pcnen.com\/portal\/?p=409174"},"modified":"2024-08-05T17:54:24","modified_gmt":"2024-08-05T15:54:24","slug":"erdogan-medjunarodni-sistem-je-s-krizom-u-gazi-bankrotirao","status":"publish","type":"post","link":"https:\/\/www.pcnen.com\/portal\/2024\/08\/05\/erdogan-medjunarodni-sistem-je-s-krizom-u-gazi-bankrotirao\/","title":{"rendered":"Erdogan: Me\u0111unarodni sistem je s krizom u Gazi bankrotirao"},"content":{"rendered":"<p>Turski predsjednik Red\u017eep Tajiip Erdogan je danas skrenuo pa\u017enju na sve ve\u0107e probleme i pritiske u me\u0111unarodnom sistemu, posebno usred stalnih izraelskih napada na Gazu, javlja agencija Anadolija.<\/p>\n<p>&#8220;Svjetska politika prolazi kroz jedan od svojih najo\u0161trijih zaokreta. Postoji ozbiljan vakum mo\u0107i u me\u0111unarodnom sistemu, a mi smo suo\u010deni s gubitkom morala i savjesti&#8221;, rekao je Erdogan u govoru u Ankari, glavnom gradu Turske.<\/p>\n<p>&#8220;Me\u0111unarodni sistem je s krizom u Gazi bankrotirao&#8221;, rekao je turski lider. &#8220;Savjet bezbjednosti UN ni da trepne na zulum koji mora na noge podi\u0107i \u010dovje\u010danstvo.&#8221;<\/p>\n<p>Upore\u0111uju\u0107i izraelskog premijera Benjamina Netanjahua s Adolfom Hitlerom, Erdogan je rekao da oni koji &#8220;aplaudiraju&#8221; njegovim la\u017eima &#8220;ne\u0107e mo\u0107i oprati tamne mrlje sa svojih ruku do kraja \u017eivota&#8221;.<\/p>\n<p>Po\u010dinitelji genocida &#8220;ne bi trebali biti za govornicama zakonodavnih domova, ve\u0107 u sudnicama gdje \u0107e odgovarati za svoje zlo\u010dine\u201d, dodao je Erdogan.<\/p>\n<p>Govore\u0107i o dru\u0161tvenim mre\u017eama, Erdogan je rekao kako smo danas suo\u010deni s &#8220;digitalnim fa\u0161izmom&#8221;.<\/p>\n<p>&#8220;Suo\u010deni smo s digitalnim fa\u0161izmom koji ne mo\u017ee podnijeti ni slike \u0161ehida Palestine, pa ih momentalno zabranjuje, prodaju\u0107i to kao slobodu. Svjedo\u010dimo tome da se kompanije dru\u0161tvenih mre\u017ea pona\u0161aju poput mafije u svim stvarima koje zadiru u njihove interese. Brigu koju pokazuju u po\u0161tovanju pravila u Americi i Evropi svjesno zanemaruju kada je rije\u010d o Turskoj&#8221;, poru\u010dio je Erdogan.<\/p>\n","protected":false},"excerpt":{"rendered":"<p>Turski predsjednik Red\u017eep Tajiip Erdogan je danas skrenuo pa\u017enju na sve ve\u0107e probleme i pritiske u me\u0111unarodnom sistemu, posebno usred stalnih izraelskih napada na Gazu, javlja agencija Anadolija. &#8220;Svjetska politika prolazi kroz jedan od svojih najo\u0161trijih zaokreta. Postoji ozbiljan vakum mo\u0107i u me\u0111unarodnom sistemu, a mi smo suo\u010deni s gubitkom morala i savjesti&#8221;, rekao je [&hellip;]<\/p>\n","protected":false},"author":1,"featured_media":409177,"comment_status":"open","ping_status":"closed","sticky":false,"template":"","format":"standard","meta":{"_seopress_robots_primary_cat":"none","_seopress_titles_title":"","_seopress_titles_desc":"","_seopress_robots_index":"","_et_pb_use_builder":"","_et_pb_old_content":"","_et_gb_content_width":"","inline_featured_image":false,"footnotes":""},"categories":[14],"tags":[],"class_list":["post-409174","post","type-post","status-publish","format-standard","has-post-thumbnail","hentry","category-vijesti"],"_links":{"self":[{"href":"https:\/\/www.pcnen.com\/portal\/wp-json\/wp\/v2\/posts\/409174","targetHints":{"allow":["GET"]}}],"collection":[{"href":"https:\/\/www.pcnen.com\/portal\/wp-json\/wp\/v2\/posts"}],"about":[{"href":"https:\/\/www.pcnen.com\/portal\/wp-json\/wp\/v2\/types\/post"}],"author":[{"embeddable":true,"href":"https:\/\/www.pcnen.com\/portal\/wp-json\/wp\/v2\/users\/1"}],"replies":[{"embeddable":true,"href":"https:\/\/www.pcnen.com\/portal\/wp-json\/wp\/v2\/comments?post=409174"}],"version-history":[{"count":1,"href":"https:\/\/www.pcnen.com\/portal\/wp-json\/wp\/v2\/posts\/409174\/revisions"}],"predecessor-version":[{"id":409178,"href":"https:\/\/www.pcnen.com\/portal\/wp-json\/wp\/v2\/posts\/409174\/revisions\/409178"}],"wp:featuredmedia":[{"embeddable":true,"href":"https:\/\/www.pcnen.com\/portal\/wp-json\/wp\/v2\/media\/409177"}],"wp:attachment":[{"href":"https:\/\/www.pcnen.com\/portal\/wp-json\/wp\/v2\/media?parent=409174"}],"wp:term":[{"taxonomy":"category","embeddable":true,"href":"https:\/\/www.pcnen.com\/portal\/wp-json\/wp\/v2\/categories?post=409174"},{"taxonomy":"post_tag","embeddable":true,"href":"https:\/\/www.pcnen.com\/portal\/wp-json\/wp\/v2\/tags?post=409174"}],"curies":[{"name":"wp","href":"https:\/\/api.w.org\/{rel}","templated":true}]}}