{"id":409142,"date":"2024-08-05T11:49:30","date_gmt":"2024-08-05T09:49:30","guid":{"rendered":"https:\/\/www.pcnen.com\/portal\/?p=409142"},"modified":"2024-08-05T11:54:40","modified_gmt":"2024-08-05T09:54:40","slug":"premijerka-bangladesa-pobjegla-iz-zemlje","status":"publish","type":"post","link":"https:\/\/www.pcnen.com\/portal\/2024\/08\/05\/premijerka-bangladesa-pobjegla-iz-zemlje\/","title":{"rendered":"Premijerka Banglade\u0161a pobjegla iz zemlje?"},"content":{"rendered":"<p>Premijerka Banglade\u0161a \u0160eik Hasina je navodno podnijela ostavku i pobjegla vojnim helikopterom nakon \u0161to su antivladini demonstranti upali u zvani\u010dnu rezidenciju u Daki.<\/p>\n<p>Prema neimanovanim izvorima, ona se sklonila u Zapadni Bengal.<\/p>\n<p><iframe loading=\"lazy\" title=\"YouTube video player\" src=\"https:\/\/www.youtube.com\/embed\/HpW2zLR9J6Y?si=LpFASrzX73ypfeqk\" width=\"560\" height=\"315\" frameborder=\"0\" allowfullscreen=\"allowfullscreen\"><\/iframe><\/p>\n<p>&nbsp;<\/p>\n<blockquote class=\"wp-embedded-content\" data-secret=\"I1qlS3z88C\"><p><a href=\"https:\/\/www.pcnen.com\/portal\/2024\/08\/05\/nastavljeni-nemiri-u-bangladesu-mrtvi-se-broje-u-stotinama\/\">Nastavljeni nemiri u Banglade\u0161u &#8211; mrtvi se broje u stotinama<\/a><\/p><\/blockquote>\n<p><iframe loading=\"lazy\" class=\"wp-embedded-content\" sandbox=\"allow-scripts\" security=\"restricted\" style=\"position: absolute; visibility: hidden;\" title=\"&#8220;Nastavljeni nemiri u Banglade\u0161u &#8211; mrtvi se broje u stotinama&#8221; &#8212; PCNEN\" src=\"https:\/\/www.pcnen.com\/portal\/2024\/08\/05\/nastavljeni-nemiri-u-bangladesu-mrtvi-se-broje-u-stotinama\/embed\/#?secret=QFiXfbxJFR#?secret=I1qlS3z88C\" data-secret=\"I1qlS3z88C\" width=\"600\" height=\"338\" frameborder=\"0\" marginwidth=\"0\" marginheight=\"0\" scrolling=\"no\"><\/iframe><\/p>\n","protected":false},"excerpt":{"rendered":"<p>Premijerka Banglade\u0161a \u0160eik Hasina je navodno podnijela ostavku i pobjegla vojnim helikopterom nakon \u0161to su antivladini demonstranti upali u zvani\u010dnu rezidenciju u Daki<\/p>\n","protected":false},"author":1,"featured_media":409145,"comment_status":"open","ping_status":"closed","sticky":false,"template":"","format":"standard","meta":{"_seopress_robots_primary_cat":"none","_seopress_titles_title":"","_seopress_titles_desc":"","_seopress_robots_index":"","_et_pb_use_builder":"","_et_pb_old_content":"","_et_gb_content_width":"","inline_featured_image":false,"footnotes":""},"categories":[14],"tags":[],"class_list":["post-409142","post","type-post","status-publish","format-standard","has-post-thumbnail","hentry","category-vijesti"],"_links":{"self":[{"href":"https:\/\/www.pcnen.com\/portal\/wp-json\/wp\/v2\/posts\/409142","targetHints":{"allow":["GET"]}}],"collection":[{"href":"https:\/\/www.pcnen.com\/portal\/wp-json\/wp\/v2\/posts"}],"about":[{"href":"https:\/\/www.pcnen.com\/portal\/wp-json\/wp\/v2\/types\/post"}],"author":[{"embeddable":true,"href":"https:\/\/www.pcnen.com\/portal\/wp-json\/wp\/v2\/users\/1"}],"replies":[{"embeddable":true,"href":"https:\/\/www.pcnen.com\/portal\/wp-json\/wp\/v2\/comments?post=409142"}],"version-history":[{"count":5,"href":"https:\/\/www.pcnen.com\/portal\/wp-json\/wp\/v2\/posts\/409142\/revisions"}],"predecessor-version":[{"id":409150,"href":"https:\/\/www.pcnen.com\/portal\/wp-json\/wp\/v2\/posts\/409142\/revisions\/409150"}],"wp:featuredmedia":[{"embeddable":true,"href":"https:\/\/www.pcnen.com\/portal\/wp-json\/wp\/v2\/media\/409145"}],"wp:attachment":[{"href":"https:\/\/www.pcnen.com\/portal\/wp-json\/wp\/v2\/media?parent=409142"}],"wp:term":[{"taxonomy":"category","embeddable":true,"href":"https:\/\/www.pcnen.com\/portal\/wp-json\/wp\/v2\/categories?post=409142"},{"taxonomy":"post_tag","embeddable":true,"href":"https:\/\/www.pcnen.com\/portal\/wp-json\/wp\/v2\/tags?post=409142"}],"curies":[{"name":"wp","href":"https:\/\/api.w.org\/{rel}","templated":true}]}}