{"id":409137,"date":"2024-08-05T11:15:55","date_gmt":"2024-08-05T09:15:55","guid":{"rendered":"https:\/\/www.pcnen.com\/portal\/?p=409137"},"modified":"2024-08-05T11:15:55","modified_gmt":"2024-08-05T09:15:55","slug":"ortodoksni-jevreji-odbijaju-da-budu-regrutovani-u-vojsku-video","status":"publish","type":"post","link":"https:\/\/www.pcnen.com\/portal\/2024\/08\/05\/ortodoksni-jevreji-odbijaju-da-budu-regrutovani-u-vojsku-video\/","title":{"rendered":"Ortodoksni Jevreji odbijaju da budu regrutovani u vojsku (video)"},"content":{"rendered":"<p>Danas bi u regrutnu kancelariju trebalo da se javi prvih 900 pripadnika ortodoksne javrejske zajednice, ranije izuzetih od slu\u017eenja u vojsci, prenosi portal B92.<\/p>\n<p>Kako pi\u0161e Tajms of Izrael, vi\u0161e duhovne vo\u0111e zabranile su \u010dlanovima svoje zajednice da idu u kancelarije za regrutaciju.<\/p>\n<p>Tajms of Izrael o\u010dekuje da \u0107e se intenzitet protesta pove\u0107ati kasnije tokom dana, a policija je preventivno najavila da \u0107e neki obli\u017enji putevi biti blokirani za saobra\u0107aj.<\/p>\n<p>U junu je izraelski Vrhovni sud odlu\u010dio da vlada mora da regrutuje ortodoksne Jevreje u vojsku.<\/p>\n<blockquote class=\"twitter-tweet\">\n<p dir=\"rtl\" lang=\"iw\">\u05e2\u05d9\u05de\u05d5\u05ea\u05d9\u05dd \u05d1\u05d9\u05df \u05e9\u05d5\u05d8\u05e8\u05d9\u05dd \u05dc\u05de\u05e4\u05d2\u05d9\u05e0\u05d9\u05dd \u05d1\u05dc\u05e9\u05db\u05ea \u05d4\u05d2\u05d9\u05d5\u05e1 \u05d1\u05ea\u05dc \u05d4\u05e9\u05d5\u05de\u05e8<a href=\"https:\/\/twitter.com\/AkivaWeisz?ref_src=twsrc%5Etfw\">@AkivaWeisz<\/a> <a href=\"https:\/\/t.co\/Fa8yX6VxTg\">pic.twitter.com\/Fa8yX6VxTg<\/a><\/p>\n<p>\u2014 \u05db\u05d0\u05df \u05d7\u05d3\u05e9\u05d5\u05ea (@kann_news) <a href=\"https:\/\/twitter.com\/kann_news\/status\/1820329228727955724?ref_src=twsrc%5Etfw\">August 5, 2024<\/a><\/p><\/blockquote>\n<p><script async src=\"https:\/\/platform.twitter.com\/widgets.js\" charset=\"utf-8\"><\/script><\/p>\n","protected":false},"excerpt":{"rendered":"<p>Danas bi u regrutnu kancelariju trebalo da se javi prvih 900 pripadnika ortodoksne javrejske zajednice, ranije izuzetih od slu\u017eenja u vojsci<\/p>\n","protected":false},"author":1,"featured_media":405525,"comment_status":"open","ping_status":"closed","sticky":false,"template":"","format":"standard","meta":{"_seopress_robots_primary_cat":"none","_seopress_titles_title":"","_seopress_titles_desc":"","_seopress_robots_index":"","_et_pb_use_builder":"","_et_pb_old_content":"","_et_gb_content_width":"","inline_featured_image":false,"footnotes":""},"categories":[14],"tags":[],"class_list":["post-409137","post","type-post","status-publish","format-standard","has-post-thumbnail","hentry","category-vijesti"],"_links":{"self":[{"href":"https:\/\/www.pcnen.com\/portal\/wp-json\/wp\/v2\/posts\/409137","targetHints":{"allow":["GET"]}}],"collection":[{"href":"https:\/\/www.pcnen.com\/portal\/wp-json\/wp\/v2\/posts"}],"about":[{"href":"https:\/\/www.pcnen.com\/portal\/wp-json\/wp\/v2\/types\/post"}],"author":[{"embeddable":true,"href":"https:\/\/www.pcnen.com\/portal\/wp-json\/wp\/v2\/users\/1"}],"replies":[{"embeddable":true,"href":"https:\/\/www.pcnen.com\/portal\/wp-json\/wp\/v2\/comments?post=409137"}],"version-history":[{"count":1,"href":"https:\/\/www.pcnen.com\/portal\/wp-json\/wp\/v2\/posts\/409137\/revisions"}],"predecessor-version":[{"id":409140,"href":"https:\/\/www.pcnen.com\/portal\/wp-json\/wp\/v2\/posts\/409137\/revisions\/409140"}],"wp:featuredmedia":[{"embeddable":true,"href":"https:\/\/www.pcnen.com\/portal\/wp-json\/wp\/v2\/media\/405525"}],"wp:attachment":[{"href":"https:\/\/www.pcnen.com\/portal\/wp-json\/wp\/v2\/media?parent=409137"}],"wp:term":[{"taxonomy":"category","embeddable":true,"href":"https:\/\/www.pcnen.com\/portal\/wp-json\/wp\/v2\/categories?post=409137"},{"taxonomy":"post_tag","embeddable":true,"href":"https:\/\/www.pcnen.com\/portal\/wp-json\/wp\/v2\/tags?post=409137"}],"curies":[{"name":"wp","href":"https:\/\/api.w.org\/{rel}","templated":true}]}}