{"id":409078,"date":"2024-08-04T13:48:39","date_gmt":"2024-08-04T11:48:39","guid":{"rendered":"https:\/\/www.pcnen.com\/portal\/?p=409078"},"modified":"2024-08-04T13:49:44","modified_gmt":"2024-08-04T11:49:44","slug":"crmnicani-i-danas-blokiraju-sozinu","status":"publish","type":"post","link":"https:\/\/www.pcnen.com\/portal\/2024\/08\/04\/crmnicani-i-danas-blokiraju-sozinu\/","title":{"rendered":"Crmni\u010dani i danas blokiraju Sozinu"},"content":{"rendered":"<p>Mje\u0161tani Crmnice organizova\u0107e danas od 17 do 19 \u010dasova novu blokadu tunela \u201cSozina\u201d. Razlog tome je \u0161to Skup\u0161tina Crne Gore nije usvojila izmjene Zakona o putevima po kojima je trebalo da mje\u0161tani, koji \u017eive sjeverno od naplatne rampe, budu oslobo\u0111eni pla\u0107anja putarine.<\/p>\n<p>Organizatori dosada\u0161njih blokada saobra\u0107aja razmi\u0161ljaju i o radikalizaciji protesta.<\/p>\n<p>\u201cIzra\u017eavamo \u017ealjenje \u0161to u Skup\u0161tini Crne Gore predlog dopuna Zakona o putevima nije dobio potrebnu podr\u0161ku i \u0161to su poslanici propustili priliku da poka\u017eu posve\u0107en odnos prema jednoj zajednici iz ruralne sredine koja je kroz istoriju puno dala cijeloj Crnoj Gori\u201d,\u00a0 saop\u0161tili su ranije organizatori.<\/p>\n<p>Oni navode da taj kraj zbog lo\u0161ih odluka raznih aktera politi\u010dke pozornice, decenijama trpi konsekvence, zbog \u010dega kao posljedicu imamo otete resurse (tunel, vodoizvori\u0161ta, nacionalni park, devastaciju prirode prilikom izgradnje regionalnog vodovoda), od \u010dije ekspolatacije na\u0161 narod nema ni\u0161ta, te se suo\u010dava sa iseljavanjem, bori se za pristup osnovnim uslugama, zbog geografske odvojenosti i udaljenosti od administrativnog centra, odvojenosti od svih normalnih \u017eivotnih potreba, obrazovnih, zdravstvenih, sportskih pa i zabavnih i drugih, a \u0161to je dodatno i vi\u0161estruko ote\u017eano zbog naplate putarine kroz tunel Sozina.<\/p>\n<p><a href=\"https:\/\/www.pcnen.com\/portal\/?s=sozinu\">VEZANE VIJESTI<\/a><\/p>\n","protected":false},"excerpt":{"rendered":"<p>Mje\u0161tani Crmnice organizova\u0107e danas od 17 do 19 \u010dasova novu blokadu tunela \u201cSozina\u201d. Razlog tome je \u0161to Skup\u0161tina Crne Gore nije usvojila izmjene Zakona o putevima po kojima je trebalo da mje\u0161tani, koji \u017eive sjeverno od naplatne rampe, budu oslobo\u0111eni pla\u0107anja putarine.\u00a0<\/p>\n","protected":false},"author":1,"featured_media":407750,"comment_status":"open","ping_status":"closed","sticky":false,"template":"","format":"standard","meta":{"_seopress_robots_primary_cat":"none","_seopress_titles_title":"","_seopress_titles_desc":"","_seopress_robots_index":"","_et_pb_use_builder":"","_et_pb_old_content":"","_et_gb_content_width":"","inline_featured_image":false,"footnotes":""},"categories":[14],"tags":[],"class_list":["post-409078","post","type-post","status-publish","format-standard","has-post-thumbnail","hentry","category-vijesti"],"_links":{"self":[{"href":"https:\/\/www.pcnen.com\/portal\/wp-json\/wp\/v2\/posts\/409078","targetHints":{"allow":["GET"]}}],"collection":[{"href":"https:\/\/www.pcnen.com\/portal\/wp-json\/wp\/v2\/posts"}],"about":[{"href":"https:\/\/www.pcnen.com\/portal\/wp-json\/wp\/v2\/types\/post"}],"author":[{"embeddable":true,"href":"https:\/\/www.pcnen.com\/portal\/wp-json\/wp\/v2\/users\/1"}],"replies":[{"embeddable":true,"href":"https:\/\/www.pcnen.com\/portal\/wp-json\/wp\/v2\/comments?post=409078"}],"version-history":[{"count":2,"href":"https:\/\/www.pcnen.com\/portal\/wp-json\/wp\/v2\/posts\/409078\/revisions"}],"predecessor-version":[{"id":409082,"href":"https:\/\/www.pcnen.com\/portal\/wp-json\/wp\/v2\/posts\/409078\/revisions\/409082"}],"wp:featuredmedia":[{"embeddable":true,"href":"https:\/\/www.pcnen.com\/portal\/wp-json\/wp\/v2\/media\/407750"}],"wp:attachment":[{"href":"https:\/\/www.pcnen.com\/portal\/wp-json\/wp\/v2\/media?parent=409078"}],"wp:term":[{"taxonomy":"category","embeddable":true,"href":"https:\/\/www.pcnen.com\/portal\/wp-json\/wp\/v2\/categories?post=409078"},{"taxonomy":"post_tag","embeddable":true,"href":"https:\/\/www.pcnen.com\/portal\/wp-json\/wp\/v2\/tags?post=409078"}],"curies":[{"name":"wp","href":"https:\/\/api.w.org\/{rel}","templated":true}]}}