{"id":409072,"date":"2024-08-04T12:16:39","date_gmt":"2024-08-04T10:16:39","guid":{"rendered":"https:\/\/www.pcnen.com\/portal\/?p=409072"},"modified":"2024-08-04T12:16:39","modified_gmt":"2024-08-04T10:16:39","slug":"jos-jedan-naucni-rad-upozorava-na-potencijalnu-katastrofu","status":"publish","type":"post","link":"https:\/\/www.pcnen.com\/portal\/2024\/08\/04\/jos-jedan-naucni-rad-upozorava-na-potencijalnu-katastrofu\/","title":{"rendered":"Jo\u0161 jedan nau\u010dni rad upozorava na potencijalnu katastrofu"},"content":{"rendered":"<p>Nedavno istra\u017eivanje nau\u010dnika iz Kopenhagena pokazalo je da kolaps Sjevernoatlantske meridijanske obr\u0107u\u0107e struje (<a href=\"https:\/\/oceanservice.noaa.gov\/facts\/amoc.html\" target=\"_blank\" rel=\"noopener\">AMOC<\/a>) mo\u017eemo o\u010dekivati sredinom ovog vijeka, najvjerovatnije izme\u0111u 2025. i 2095. godine. Sada je napravljeno jo\u0161 jedno istra\u017eivanje (treba naglasiti kako ono jo\u0161 nije objavljeno u nau\u010dnim \u010dasopisima te su u toku njegove recenzije) koje nam pokazuje sli\u010dne rezultate. U ovom istra\u017eivanju nau\u010dnici su koristili nove i napredne modele te su prvi puta identifikovali podru\u010dje ju\u017enog Atlantskog okeana kao idealno mjesto na kojem mogu pratiti promjene u cirkulaciji struje te temperature i slanost okeana.<\/p>\n<p>Prema tim rezultatima, period tog kolapsa smanjen je na razdoblje izme\u0111u 2037. i 2064. godine, uz naglasak kako je ve\u0107a vjerovatno\u0107a da \u0107e to biti prije 2050. godine.<\/p>\n<p>Kolaps AMOC-a predstavlja veliku opasnost koju bi svakako trebali izbje\u0107i, komentarisao je za CNN je okeanograf sa univerziteta Potsdam Stefan Rahmstorf. Ono \u0161to je posebno naglasio je da su nau\u010dnici do prije samo nekoliko godina raspravljali o tome ho\u0107e li se uop\u0161te tako ne\u0161to dogoditi te smatrali da je rizik za to prili\u010dno mali. No vi\u0161e novih istra\u017eivanja pokazuju kako je tako ne\u0161to itekako mogu\u0107e i to ve\u0107 u ovom vijeku <a href=\"https:\/\/zimo.dnevnik.hr\/clanak\/dijelovi-svijeta-mogli-bi-postati-neprepoznatljivi-jos-jedan-znanstveni-rad-upozorava-na-potencijalnu-katastrofu---862144.html\" target=\"_blank\" rel=\"noopener\">pi\u0161e<\/a> zimo.dnevnik.hr.<\/p>\n","protected":false},"excerpt":{"rendered":"<p>Period kolapsa AMOC-a smanjen je na razdoblje izme\u0111u 2037. i 2064. godine, uz naglasak kako je ve\u0107a vjerovatno\u0107a da \u0107e to biti prije 2050. <\/p>\n","protected":false},"author":1,"featured_media":409075,"comment_status":"open","ping_status":"closed","sticky":false,"template":"","format":"standard","meta":{"_seopress_robots_primary_cat":"none","_seopress_titles_title":"","_seopress_titles_desc":"","_seopress_robots_index":"","_et_pb_use_builder":"","_et_pb_old_content":"","_et_gb_content_width":"","inline_featured_image":false,"footnotes":""},"categories":[14],"tags":[],"class_list":["post-409072","post","type-post","status-publish","format-standard","has-post-thumbnail","hentry","category-vijesti"],"_links":{"self":[{"href":"https:\/\/www.pcnen.com\/portal\/wp-json\/wp\/v2\/posts\/409072","targetHints":{"allow":["GET"]}}],"collection":[{"href":"https:\/\/www.pcnen.com\/portal\/wp-json\/wp\/v2\/posts"}],"about":[{"href":"https:\/\/www.pcnen.com\/portal\/wp-json\/wp\/v2\/types\/post"}],"author":[{"embeddable":true,"href":"https:\/\/www.pcnen.com\/portal\/wp-json\/wp\/v2\/users\/1"}],"replies":[{"embeddable":true,"href":"https:\/\/www.pcnen.com\/portal\/wp-json\/wp\/v2\/comments?post=409072"}],"version-history":[{"count":1,"href":"https:\/\/www.pcnen.com\/portal\/wp-json\/wp\/v2\/posts\/409072\/revisions"}],"predecessor-version":[{"id":409076,"href":"https:\/\/www.pcnen.com\/portal\/wp-json\/wp\/v2\/posts\/409072\/revisions\/409076"}],"wp:featuredmedia":[{"embeddable":true,"href":"https:\/\/www.pcnen.com\/portal\/wp-json\/wp\/v2\/media\/409075"}],"wp:attachment":[{"href":"https:\/\/www.pcnen.com\/portal\/wp-json\/wp\/v2\/media?parent=409072"}],"wp:term":[{"taxonomy":"category","embeddable":true,"href":"https:\/\/www.pcnen.com\/portal\/wp-json\/wp\/v2\/categories?post=409072"},{"taxonomy":"post_tag","embeddable":true,"href":"https:\/\/www.pcnen.com\/portal\/wp-json\/wp\/v2\/tags?post=409072"}],"curies":[{"name":"wp","href":"https:\/\/api.w.org\/{rel}","templated":true}]}}