{"id":409057,"date":"2024-08-03T20:49:27","date_gmt":"2024-08-03T18:49:27","guid":{"rendered":"https:\/\/www.pcnen.com\/portal\/?p=409057"},"modified":"2024-08-03T20:49:27","modified_gmt":"2024-08-03T18:49:27","slug":"najvisa-dnevna-temperatura-od-23-do-36-stepeni-2","status":"publish","type":"post","link":"https:\/\/www.pcnen.com\/portal\/2024\/08\/03\/najvisa-dnevna-temperatura-od-23-do-36-stepeni-2\/","title":{"rendered":"Najvi\u0161a dnevna temperatura od 23 do 36 stepeni"},"content":{"rendered":"<p>U ju\u017enim i centralnim predjelima Crne Gore bi\u0107e prete\u017eno sun\u010dano, a na sjeveru zemlje \u0107e ujutro po kotlinama biti magla ili pove\u0107ana obla\u010dnost, a tokom dana sun\u010dani periodi.<\/p>\n<p>Slab do umjeren vjetar \u0107e mijenjati smjer; u jutarnjim i no\u0107nim satima \u0107e ponegdje duvati umjeren do poja\u010dan sjeverni.<\/p>\n<p>Jutarnja temperatura vazduha bi\u0107e u rasponu od 11 do 25, a najvi\u0161a dnevna od 23 do 36 stepeni.<\/p>\n<p>U Podgorici \u0107e biti prete\u017eno sun\u010dano.<\/p>\n<p>Duva\u0107e uglavnom slab do umjeren vjetar sa juga i jugoistoka, a u no\u0107nim i jutarnjim satima sa sjeveroistoka.<\/p>\n<p>Jutarnja temperatura vazduha bi\u0107e oko 25, a najvi\u0161a dnevna 36 stepeni.<\/p>\n","protected":false},"excerpt":{"rendered":"<p>U ju\u017enim i centralnim predjelima Crne Gore bi\u0107e prete\u017eno sun\u010dano, a na sjeveru zemlje \u0107e ujutro po kotlinama biti magla ili pove\u0107ana obla\u010dnost, a tokom dana sun\u010dani periodi<\/p>\n","protected":false},"author":1,"featured_media":385571,"comment_status":"open","ping_status":"closed","sticky":false,"template":"","format":"standard","meta":{"_seopress_robots_primary_cat":"none","_seopress_titles_title":"","_seopress_titles_desc":"","_seopress_robots_index":"","_et_pb_use_builder":"","_et_pb_old_content":"","_et_gb_content_width":"","inline_featured_image":false,"footnotes":""},"categories":[14],"tags":[],"class_list":["post-409057","post","type-post","status-publish","format-standard","has-post-thumbnail","hentry","category-vijesti"],"_links":{"self":[{"href":"https:\/\/www.pcnen.com\/portal\/wp-json\/wp\/v2\/posts\/409057","targetHints":{"allow":["GET"]}}],"collection":[{"href":"https:\/\/www.pcnen.com\/portal\/wp-json\/wp\/v2\/posts"}],"about":[{"href":"https:\/\/www.pcnen.com\/portal\/wp-json\/wp\/v2\/types\/post"}],"author":[{"embeddable":true,"href":"https:\/\/www.pcnen.com\/portal\/wp-json\/wp\/v2\/users\/1"}],"replies":[{"embeddable":true,"href":"https:\/\/www.pcnen.com\/portal\/wp-json\/wp\/v2\/comments?post=409057"}],"version-history":[{"count":1,"href":"https:\/\/www.pcnen.com\/portal\/wp-json\/wp\/v2\/posts\/409057\/revisions"}],"predecessor-version":[{"id":409060,"href":"https:\/\/www.pcnen.com\/portal\/wp-json\/wp\/v2\/posts\/409057\/revisions\/409060"}],"wp:featuredmedia":[{"embeddable":true,"href":"https:\/\/www.pcnen.com\/portal\/wp-json\/wp\/v2\/media\/385571"}],"wp:attachment":[{"href":"https:\/\/www.pcnen.com\/portal\/wp-json\/wp\/v2\/media?parent=409057"}],"wp:term":[{"taxonomy":"category","embeddable":true,"href":"https:\/\/www.pcnen.com\/portal\/wp-json\/wp\/v2\/categories?post=409057"},{"taxonomy":"post_tag","embeddable":true,"href":"https:\/\/www.pcnen.com\/portal\/wp-json\/wp\/v2\/tags?post=409057"}],"curies":[{"name":"wp","href":"https:\/\/api.w.org\/{rel}","templated":true}]}}