{"id":409035,"date":"2024-08-03T14:23:09","date_gmt":"2024-08-03T12:23:09","guid":{"rendered":"https:\/\/www.pcnen.com\/portal\/?p=409035"},"modified":"2024-08-03T14:23:58","modified_gmt":"2024-08-03T12:23:58","slug":"hanije-ubijen-projektilom-kratkog-dometa","status":"publish","type":"post","link":"https:\/\/www.pcnen.com\/portal\/2024\/08\/03\/hanije-ubijen-projektilom-kratkog-dometa\/","title":{"rendered":"Hanije ubijen \u2018projektilom kratkog dometa\u2019"},"content":{"rendered":"<p>Iranski Korpus \u010duvara islamske revolucije\u00a0 je saop\u0161tio da je politi\u010dki vo\u0111a Hamasa, Ismail Hanije ubijen \u201cprojektilom kratkog dometa s bojevom glavom od oko sedam kilograma popra\u0107enom sna\u017enom eksplozijom izvan njegove sobe\u201d.<\/p>\n<p>U saop\u0161tenju Korpusa je re\u010deno da je njegovo ubistvo \u201cplanirao i izveo cionisti\u010dki re\u017eim\u201d i da ga je podr\u017eala \u201czlo\u010dina\u010dka vlada SAD\u201d, prenosi Al D\u017eazira.<\/p>\n<p>Ka\u017ee se da \u0107e odgovor Teherana biti \u201co\u0161tar i u odgovaraju\u0107e vrijeme, na odgovaraju\u0107em mjestu i na odgovaraju\u0107i na\u010din\u201d.<\/p>\n<blockquote class=\"wp-embedded-content\" data-secret=\"VPM6vs90iq\"><p><a href=\"https:\/\/www.pcnen.com\/portal\/2024\/07\/31\/u-teheranu-ubijen-lider-palestinskog-hamasa\/\">U Teheranu ubijen lider palestinskog Hamasa<\/a><\/p><\/blockquote>\n<p><iframe loading=\"lazy\" class=\"wp-embedded-content\" sandbox=\"allow-scripts\" security=\"restricted\" style=\"position: absolute; visibility: hidden;\" title=\"&#8220;U Teheranu ubijen lider palestinskog Hamasa&#8221; &#8212; PCNEN\" src=\"https:\/\/www.pcnen.com\/portal\/2024\/07\/31\/u-teheranu-ubijen-lider-palestinskog-hamasa\/embed\/#?secret=SvngxNMC7f#?secret=VPM6vs90iq\" data-secret=\"VPM6vs90iq\" width=\"600\" height=\"338\" frameborder=\"0\" marginwidth=\"0\" marginheight=\"0\" scrolling=\"no\"><\/iframe><\/p>\n","protected":false},"excerpt":{"rendered":"<p>Iranski Korpus \u010duvara islamske revolucije\u00a0 je saop\u0161tio da je politi\u010dki vo\u0111a Hamasa, Ismail Hanije ubijen \u201cprojektilom kratkog dometa s bojevom glavom od oko sedam kilograma popra\u0107enom sna\u017enom eksplozijom izvan njegove sobe\u201d<\/p>\n","protected":false},"author":1,"featured_media":398716,"comment_status":"open","ping_status":"closed","sticky":false,"template":"","format":"standard","meta":{"_seopress_robots_primary_cat":"none","_seopress_titles_title":"","_seopress_titles_desc":"","_seopress_robots_index":"","_et_pb_use_builder":"","_et_pb_old_content":"","_et_gb_content_width":"","inline_featured_image":false,"footnotes":""},"categories":[14],"tags":[],"class_list":["post-409035","post","type-post","status-publish","format-standard","has-post-thumbnail","hentry","category-vijesti"],"_links":{"self":[{"href":"https:\/\/www.pcnen.com\/portal\/wp-json\/wp\/v2\/posts\/409035","targetHints":{"allow":["GET"]}}],"collection":[{"href":"https:\/\/www.pcnen.com\/portal\/wp-json\/wp\/v2\/posts"}],"about":[{"href":"https:\/\/www.pcnen.com\/portal\/wp-json\/wp\/v2\/types\/post"}],"author":[{"embeddable":true,"href":"https:\/\/www.pcnen.com\/portal\/wp-json\/wp\/v2\/users\/1"}],"replies":[{"embeddable":true,"href":"https:\/\/www.pcnen.com\/portal\/wp-json\/wp\/v2\/comments?post=409035"}],"version-history":[{"count":2,"href":"https:\/\/www.pcnen.com\/portal\/wp-json\/wp\/v2\/posts\/409035\/revisions"}],"predecessor-version":[{"id":409039,"href":"https:\/\/www.pcnen.com\/portal\/wp-json\/wp\/v2\/posts\/409035\/revisions\/409039"}],"wp:featuredmedia":[{"embeddable":true,"href":"https:\/\/www.pcnen.com\/portal\/wp-json\/wp\/v2\/media\/398716"}],"wp:attachment":[{"href":"https:\/\/www.pcnen.com\/portal\/wp-json\/wp\/v2\/media?parent=409035"}],"wp:term":[{"taxonomy":"category","embeddable":true,"href":"https:\/\/www.pcnen.com\/portal\/wp-json\/wp\/v2\/categories?post=409035"},{"taxonomy":"post_tag","embeddable":true,"href":"https:\/\/www.pcnen.com\/portal\/wp-json\/wp\/v2\/tags?post=409035"}],"curies":[{"name":"wp","href":"https:\/\/api.w.org\/{rel}","templated":true}]}}