{"id":409026,"date":"2024-08-03T10:45:50","date_gmt":"2024-08-03T08:45:50","guid":{"rendered":"https:\/\/www.pcnen.com\/portal\/?p=409026"},"modified":"2024-08-03T10:45:50","modified_gmt":"2024-08-03T08:45:50","slug":"policijska-istraga-prijetnji-autoru-satanistickog-otvaranja-olimpjskih-igara","status":"publish","type":"post","link":"https:\/\/www.pcnen.com\/portal\/2024\/08\/03\/policijska-istraga-prijetnji-autoru-satanistickog-otvaranja-olimpjskih-igara\/","title":{"rendered":"Policijska istraga prijetnji autoru &#8216;satanisti\u010dkog&#8217; otvaranja Olimpjskih igara"},"content":{"rendered":"<p>Francuske vlasti su pokrenule istragu zbog mnogobrojnih prijetnji smr\u0107u koje su upu\u0107ene umjetni\u010dkom direktoru ceremonije otvaranja Olimpjskih igara u Parizu koje su mnogi shvatili kao \u201e satanisti\u010dku\u201c predstavu omalova\u017eavanja hri\u0161\u0107anstva. Tomas \u017doli je prethodno podnio tu\u017ebu protiv ljudi koji su ga uznemiravali na dru\u0161tvenim mre\u017eama.<\/p>\n<p>\u017doli je pretrpio mnogobrojne prijetnje zbog segmenta ceremonije otvaranja \u201eFestivity\u201d u kome je nastupala grupa plesa\u010da i dreg izvo\u0111a\u010da, u sceni za koju su mnogi mislili da je aludirala na \u201ePoslednju ve\u010deru\u201c Leonarda Da Vin\u010dija.<\/p>\n<p>Scena je izazvala ogor\u010denost razli\u010ditih hri\u0161\u0107anskih grupa, koje su optu\u017eile \u017dolija za ismijavanje hri\u0161\u0107anstva, ali istaknutih \u201ebranitelja kulture\u201c kao \u0161to ma\u0111arski premijer Viktor Orban i biv\u0161i predsjednik SAD Donald Tramp, pi\u0161e Politico, <a href=\"https:\/\/vreme.com\/svet\/policijska-istraga-pretnji-autoru-satanistickog-otvaranja-olimpjskih-igara\/\" target=\"_blank\" rel=\"noopener\">prenosi<\/a> Vreme.<\/p>\n<p>Gradona\u010delnica Pariza An Idalgo pru\u017eila je \u201enepokolebljivu podr\u0161ku\u201c \u017doliju.<\/p>\n<p>&#8220;U Francuskoj nam je dozvoljeno da volimo kako ho\u0107emo i koga \u017eelimo, dozvoljeno nam je da vjerujemo ili ne vjerujemo. Imamo mnoga prava, a ideja je bila da poka\u017eemo te vrijednosti, rekao je direktor ceremonije otvaranja Olimpjskih igara u Parizu Tomas \u017doli<\/p>\n","protected":false},"excerpt":{"rendered":"<p>Francuske vlasti su pokrenule istragu zbog mnogobrojnih prijetnji smr\u0107u koje su upu\u0107ene umjetni\u010dkom direktoru ceremonije otvaranja Olimpjskih igara u Parizu koje su mnogi shvatili kao \u201e satanisti\u010dku\u201c predstavu omalova\u017eavanja hri\u0161\u0107anstva. Tomas \u017doli je prethodno podnio tu\u017ebu protiv ljudi koji su ga uznemiravali na dru\u0161tvenim mre\u017eama<\/p>\n","protected":false},"author":1,"featured_media":408482,"comment_status":"open","ping_status":"closed","sticky":false,"template":"","format":"standard","meta":{"_seopress_robots_primary_cat":"none","_seopress_titles_title":"","_seopress_titles_desc":"","_seopress_robots_index":"","_et_pb_use_builder":"","_et_pb_old_content":"","_et_gb_content_width":"","inline_featured_image":false,"footnotes":""},"categories":[14],"tags":[],"class_list":["post-409026","post","type-post","status-publish","format-standard","has-post-thumbnail","hentry","category-vijesti"],"_links":{"self":[{"href":"https:\/\/www.pcnen.com\/portal\/wp-json\/wp\/v2\/posts\/409026","targetHints":{"allow":["GET"]}}],"collection":[{"href":"https:\/\/www.pcnen.com\/portal\/wp-json\/wp\/v2\/posts"}],"about":[{"href":"https:\/\/www.pcnen.com\/portal\/wp-json\/wp\/v2\/types\/post"}],"author":[{"embeddable":true,"href":"https:\/\/www.pcnen.com\/portal\/wp-json\/wp\/v2\/users\/1"}],"replies":[{"embeddable":true,"href":"https:\/\/www.pcnen.com\/portal\/wp-json\/wp\/v2\/comments?post=409026"}],"version-history":[{"count":1,"href":"https:\/\/www.pcnen.com\/portal\/wp-json\/wp\/v2\/posts\/409026\/revisions"}],"predecessor-version":[{"id":409029,"href":"https:\/\/www.pcnen.com\/portal\/wp-json\/wp\/v2\/posts\/409026\/revisions\/409029"}],"wp:featuredmedia":[{"embeddable":true,"href":"https:\/\/www.pcnen.com\/portal\/wp-json\/wp\/v2\/media\/408482"}],"wp:attachment":[{"href":"https:\/\/www.pcnen.com\/portal\/wp-json\/wp\/v2\/media?parent=409026"}],"wp:term":[{"taxonomy":"category","embeddable":true,"href":"https:\/\/www.pcnen.com\/portal\/wp-json\/wp\/v2\/categories?post=409026"},{"taxonomy":"post_tag","embeddable":true,"href":"https:\/\/www.pcnen.com\/portal\/wp-json\/wp\/v2\/tags?post=409026"}],"curies":[{"name":"wp","href":"https:\/\/api.w.org\/{rel}","templated":true}]}}