{"id":409022,"date":"2024-08-03T10:37:27","date_gmt":"2024-08-03T08:37:27","guid":{"rendered":"https:\/\/www.pcnen.com\/portal\/?p=409022"},"modified":"2024-08-03T10:37:27","modified_gmt":"2024-08-03T08:37:27","slug":"pentagon-sad-ce-pojacati-vojne-kapacitete-na-bliskom-istoku-da-brani-izrael","status":"publish","type":"post","link":"https:\/\/www.pcnen.com\/portal\/2024\/08\/03\/pentagon-sad-ce-pojacati-vojne-kapacitete-na-bliskom-istoku-da-brani-izrael\/","title":{"rendered":"Pentagon: SAD \u0107e poja\u010dati vojne kapacitete na Bliskom istoku da brani Izrael"},"content":{"rendered":"<p>SAD ho\u0107e da oja\u010daju svoje defanzivne vojne kapacitete na Bliskom istoku da za\u0161tite svoje trupe tamo i svog saveznika Izrael, izvijestio je kasno ju\u010de Pentagon u sred rasta tenzija u regionu, prenosi RSE.<\/p>\n<p>Ameri\u010dki ministar odbrane Lojd Ostin \u0107e preduzeti vi\u0161e mjera namijenjenih za\u0161titi ameri\u010dkih trupa u regionu, pru\u017eanju Izraelu vi\u0161e podr\u0161ke i u\u010diniti da SAD budu spremne da odgovore na ovu krizu u punom razvoju, rekla je portparolka Pentagona.<\/p>\n<p>Nije dala vi\u0161e detalja, ali je rekla da bi moglo da se radi o defanzivnim vojnim kapacitetima.<\/p>\n<p>Predsjednik SAD D\u017eo Bajden je ju\u010de rekao da je vrlo zabrinut situacijom na Bliskom istoku i istovremeno pozvao izraelskog premijera Benjamina Netanjahua da brzo postigne sporazum o primirju u Pojasu Gaze.<\/p>\n","protected":false},"excerpt":{"rendered":"<p>SAD ho\u0107e da oja\u010daju svoje defanzivne vojne kapacitete na Bliskom istoku da za\u0161tite svoje trupe tamo i svog saveznika Izrael, izvijestio je kasno ju\u010de Pentagon u sred rasta tenzija u regionu, prenosi RSE<\/p>\n","protected":false},"author":1,"featured_media":288600,"comment_status":"open","ping_status":"closed","sticky":false,"template":"","format":"standard","meta":{"_seopress_robots_primary_cat":"none","_seopress_titles_title":"","_seopress_titles_desc":"","_seopress_robots_index":"","_et_pb_use_builder":"","_et_pb_old_content":"","_et_gb_content_width":"","inline_featured_image":false,"footnotes":""},"categories":[14],"tags":[],"class_list":["post-409022","post","type-post","status-publish","format-standard","has-post-thumbnail","hentry","category-vijesti"],"_links":{"self":[{"href":"https:\/\/www.pcnen.com\/portal\/wp-json\/wp\/v2\/posts\/409022","targetHints":{"allow":["GET"]}}],"collection":[{"href":"https:\/\/www.pcnen.com\/portal\/wp-json\/wp\/v2\/posts"}],"about":[{"href":"https:\/\/www.pcnen.com\/portal\/wp-json\/wp\/v2\/types\/post"}],"author":[{"embeddable":true,"href":"https:\/\/www.pcnen.com\/portal\/wp-json\/wp\/v2\/users\/1"}],"replies":[{"embeddable":true,"href":"https:\/\/www.pcnen.com\/portal\/wp-json\/wp\/v2\/comments?post=409022"}],"version-history":[{"count":1,"href":"https:\/\/www.pcnen.com\/portal\/wp-json\/wp\/v2\/posts\/409022\/revisions"}],"predecessor-version":[{"id":409025,"href":"https:\/\/www.pcnen.com\/portal\/wp-json\/wp\/v2\/posts\/409022\/revisions\/409025"}],"wp:featuredmedia":[{"embeddable":true,"href":"https:\/\/www.pcnen.com\/portal\/wp-json\/wp\/v2\/media\/288600"}],"wp:attachment":[{"href":"https:\/\/www.pcnen.com\/portal\/wp-json\/wp\/v2\/media?parent=409022"}],"wp:term":[{"taxonomy":"category","embeddable":true,"href":"https:\/\/www.pcnen.com\/portal\/wp-json\/wp\/v2\/categories?post=409022"},{"taxonomy":"post_tag","embeddable":true,"href":"https:\/\/www.pcnen.com\/portal\/wp-json\/wp\/v2\/tags?post=409022"}],"curies":[{"name":"wp","href":"https:\/\/api.w.org\/{rel}","templated":true}]}}