{"id":408969,"date":"2024-08-02T11:56:47","date_gmt":"2024-08-02T09:56:47","guid":{"rendered":"https:\/\/www.pcnen.com\/portal\/?p=408969"},"modified":"2024-08-02T11:56:47","modified_gmt":"2024-08-02T09:56:47","slug":"dogovoreno-zatvaranje-deponije-mislov-do","status":"publish","type":"post","link":"https:\/\/www.pcnen.com\/portal\/2024\/08\/02\/dogovoreno-zatvaranje-deponije-mislov-do\/","title":{"rendered":"Dogovoreno zatvaranje deponije Mislov do"},"content":{"rendered":"<p>Ministar ekologije, odr\u017eivog razvoja i razvoja sjevera Damjan \u0106ulafi\u0107 posjetio je op\u0161tinu Nik\u0161i\u0107 gdje je odr\u017eao radni sastanak sa predsjednikom Op\u0161tine Markom Kova\u010devi\u0107em i predsjednikom Skup\u0161tine Op\u0161tine, Nemanjom Vukovi\u0107em.<\/p>\n<p>Sagovornici su se dogovorili da zajedni\u010dki preduzmu preostale korake u pravcu zatvaranja deponije Mislov do, te da Op\u0161tina Nik\u0161i\u0107 privremeno odla\u017ee otpad na podgori\u010dku deponiju \u201eLivade\u201c. Tako\u0111e, bilo je rije\u010di i o planiranju izgradnje transfer stanice i stvaranju uslova za izgradnju Centra za upravljanje otpadom.<\/p>\n","protected":false},"excerpt":{"rendered":"<p>Ministar ekologije, odr\u017eivog razvoja i razvoja sjevera Damjan \u0106ulafi\u0107 posjetio je op\u0161tinu Nik\u0161i\u0107 gdje je odr\u017eao radni sastanak sa predsjednikom Op\u0161tine Markom Kova\u010devi\u0107em i predsjednikom Skup\u0161tine Op\u0161tine, Nemanjom Vukovi\u0107em.<\/p>\n","protected":false},"author":1,"featured_media":347896,"comment_status":"open","ping_status":"closed","sticky":false,"template":"","format":"standard","meta":{"_seopress_robots_primary_cat":"none","_seopress_titles_title":"","_seopress_titles_desc":"","_seopress_robots_index":"","_et_pb_use_builder":"","_et_pb_old_content":"","_et_gb_content_width":"","inline_featured_image":false,"footnotes":""},"categories":[14],"tags":[],"class_list":["post-408969","post","type-post","status-publish","format-standard","has-post-thumbnail","hentry","category-vijesti"],"_links":{"self":[{"href":"https:\/\/www.pcnen.com\/portal\/wp-json\/wp\/v2\/posts\/408969","targetHints":{"allow":["GET"]}}],"collection":[{"href":"https:\/\/www.pcnen.com\/portal\/wp-json\/wp\/v2\/posts"}],"about":[{"href":"https:\/\/www.pcnen.com\/portal\/wp-json\/wp\/v2\/types\/post"}],"author":[{"embeddable":true,"href":"https:\/\/www.pcnen.com\/portal\/wp-json\/wp\/v2\/users\/1"}],"replies":[{"embeddable":true,"href":"https:\/\/www.pcnen.com\/portal\/wp-json\/wp\/v2\/comments?post=408969"}],"version-history":[{"count":1,"href":"https:\/\/www.pcnen.com\/portal\/wp-json\/wp\/v2\/posts\/408969\/revisions"}],"predecessor-version":[{"id":408972,"href":"https:\/\/www.pcnen.com\/portal\/wp-json\/wp\/v2\/posts\/408969\/revisions\/408972"}],"wp:featuredmedia":[{"embeddable":true,"href":"https:\/\/www.pcnen.com\/portal\/wp-json\/wp\/v2\/media\/347896"}],"wp:attachment":[{"href":"https:\/\/www.pcnen.com\/portal\/wp-json\/wp\/v2\/media?parent=408969"}],"wp:term":[{"taxonomy":"category","embeddable":true,"href":"https:\/\/www.pcnen.com\/portal\/wp-json\/wp\/v2\/categories?post=408969"},{"taxonomy":"post_tag","embeddable":true,"href":"https:\/\/www.pcnen.com\/portal\/wp-json\/wp\/v2\/tags?post=408969"}],"curies":[{"name":"wp","href":"https:\/\/api.w.org\/{rel}","templated":true}]}}