{"id":408959,"date":"2024-08-02T10:35:37","date_gmt":"2024-08-02T08:35:37","guid":{"rendered":"https:\/\/www.pcnen.com\/portal\/?p=408959"},"modified":"2024-08-02T10:36:34","modified_gmt":"2024-08-02T08:36:34","slug":"zbog-pozara-pogorsan-kvalitet-vazduha-u-crnoj-gori-oj-gori-zbog-pozara","status":"publish","type":"post","link":"https:\/\/www.pcnen.com\/portal\/2024\/08\/02\/zbog-pozara-pogorsan-kvalitet-vazduha-u-crnoj-gori-oj-gori-zbog-pozara\/","title":{"rendered":"Zbog po\u017eara pogor\u0161an kvalitet vazduha u Crnoj Gori"},"content":{"rendered":"<p>Zbog velikog broja aktivnih po\u017eara na teritoriji Crne Gore, do\u0161lo je do pogor\u0161anja kvaliteta vazduha, \u0161to je i registrovano na mjernim ure\u0111ajima u okviru Dr\u017eavne mre\u017ee za pra\u0107enje kvaliteta vazduha.<\/p>\n<p>Pove\u0107anje koncentracija PM10 i PM2,5 \u010destica registrovano je periodi\u010dno na pojedinim mjernim mjestima od 31. jula teku\u0107e godine. Zbog intenziviranja po\u017eara i pove\u0107anja emisije zaga\u0111uju\u0107ih materija u vazduh uslijed sagorijevanja biljne mase na velikim povr\u0161inama i na brojnim lokacijama, posebno u centralnom dijelu Crne Gore, od 01.08. &#8211; izmjerene su visoke i veoma visoke satne koncentracije PM10 i PM2,5 \u010destica, na mjernim mjestima u Podgorici i Nik\u0161i\u0107u, pi\u0161e u saop\u0161tenju Agencije za za\u0161titu \u017eivotne sredine.<\/p>\n<p>Najviso\u010dije koncentracije PM10 i PM2,5 \u010destica izmjerene su na mjernom mjestu u Bloku V u Podgorici, koje su 02.08.u 07h iznosile: 228\u00b5g\/m3 PM10 i 194 \u00b5g\/m3.<\/p>\n<p>Apelujemo na sve gra\u0111ane da se maksimalno odgovorno pona\u0161aju i da svojim postupcima ne dovedu do potencijalne mogu\u0107nosti aktiviranja po\u017eara i da u periodu prisustva visokih koncentracija zaga\u0111uju\u0107ih materija u vazduhu, svoje aktivnosti prilagode preporukama Instituta za javno zdravlje:<\/p>\n<p>Visoko zaga\u0111enje vazduha\u00a0 (satna koncentracija PM10 \u010destica izme\u0111u 90 i 180 \u00b5g\/m3):<\/p>\n<p>preporu\u010duje se svima, a naro\u010dito osjetljivim grupama stanovni\u0161tva (djeca, trudnice, stari, hroni\u010dni bolesnici) da smanje boravak na otvorenom, naro\u010dito u blizini prometnih saobra\u0107ajnica kao i za vrijeme prisutnog dima i magle u vazduhu. Treba ograni\u010diti izvo\u0111enje fizi\u010dki zahtjevnih aktivnosti pri kojima se di\u0161e brze ili dublje (tr\u010danje, vje\u017ebanje i sl.) na otvorenom.<\/p>\n<p>Veoma visoko zaga\u0111enje vazduha (satna koncentracija PM10 \u010destica ve\u0107a od 180 \u00b5g\/m3):<\/p>\n<p>preporu\u010duje se svima da izbjegavaju boravak, a naro\u010dito izvo\u0111enje fizi\u010dki zahtjevnih aktivnosti pri kojima se di\u0161e brze ili dublje (tr\u010danje, vje\u017ebanje i sl.) na otvorenom do pobolj\u0161anja kvaliteta vazduha.<\/p>\n","protected":false},"excerpt":{"rendered":"<p>Zbog velikog broja aktivnih po\u017eara na teritoriji Crne Gore, do\u0161lo je do pogor\u0161anja kvaliteta vazduha, \u0161to je i registrovano na mjernim ure\u0111ajima u okviru Dr\u017eavne mre\u017ee za pra\u0107enje kvaliteta vazduha.<\/p>\n","protected":false},"author":1,"featured_media":332241,"comment_status":"open","ping_status":"closed","sticky":false,"template":"","format":"standard","meta":{"_seopress_robots_primary_cat":"none","_seopress_titles_title":"","_seopress_titles_desc":"","_seopress_robots_index":"","_et_pb_use_builder":"","_et_pb_old_content":"","_et_gb_content_width":"","inline_featured_image":false,"footnotes":""},"categories":[14],"tags":[],"class_list":["post-408959","post","type-post","status-publish","format-standard","has-post-thumbnail","hentry","category-vijesti"],"_links":{"self":[{"href":"https:\/\/www.pcnen.com\/portal\/wp-json\/wp\/v2\/posts\/408959","targetHints":{"allow":["GET"]}}],"collection":[{"href":"https:\/\/www.pcnen.com\/portal\/wp-json\/wp\/v2\/posts"}],"about":[{"href":"https:\/\/www.pcnen.com\/portal\/wp-json\/wp\/v2\/types\/post"}],"author":[{"embeddable":true,"href":"https:\/\/www.pcnen.com\/portal\/wp-json\/wp\/v2\/users\/1"}],"replies":[{"embeddable":true,"href":"https:\/\/www.pcnen.com\/portal\/wp-json\/wp\/v2\/comments?post=408959"}],"version-history":[{"count":2,"href":"https:\/\/www.pcnen.com\/portal\/wp-json\/wp\/v2\/posts\/408959\/revisions"}],"predecessor-version":[{"id":408963,"href":"https:\/\/www.pcnen.com\/portal\/wp-json\/wp\/v2\/posts\/408959\/revisions\/408963"}],"wp:featuredmedia":[{"embeddable":true,"href":"https:\/\/www.pcnen.com\/portal\/wp-json\/wp\/v2\/media\/332241"}],"wp:attachment":[{"href":"https:\/\/www.pcnen.com\/portal\/wp-json\/wp\/v2\/media?parent=408959"}],"wp:term":[{"taxonomy":"category","embeddable":true,"href":"https:\/\/www.pcnen.com\/portal\/wp-json\/wp\/v2\/categories?post=408959"},{"taxonomy":"post_tag","embeddable":true,"href":"https:\/\/www.pcnen.com\/portal\/wp-json\/wp\/v2\/tags?post=408959"}],"curies":[{"name":"wp","href":"https:\/\/api.w.org\/{rel}","templated":true}]}}