{"id":408924,"date":"2024-08-01T23:16:26","date_gmt":"2024-08-01T21:16:26","guid":{"rendered":"https:\/\/www.pcnen.com\/portal\/?p=408924"},"modified":"2024-08-01T23:16:26","modified_gmt":"2024-08-01T21:16:26","slug":"covjecanstvo-krade-od-buducih-generacija","status":"publish","type":"post","link":"https:\/\/www.pcnen.com\/portal\/2024\/08\/01\/covjecanstvo-krade-od-buducih-generacija\/","title":{"rendered":"\u010covje\u010danstvo krade od budu\u0107ih generacija"},"content":{"rendered":"<p>\u010covje\u010danstvo je u 2024. za manje od sedam mjeseci potro\u0161ilo kompletan godi\u0161nji bud\u017eet resursa. Ve\u0107 prvog dana avgusta planeta je u\u0161la u ekolo\u0161ki dug, \u0161to zna\u010di da \u0107emo do kraja godine \u017eivjeti na ra\u010dun budu\u0107ih generacija.<\/p>\n<p>Crna Gora je u ekolo\u0161ki dug u\u0161la 30. maja.<\/p>\n<p>Taj dan ove godine sti\u017ee mjesecima ranije, nego \u0161to je to bio slu\u010daj 1971. kada je obilje\u017een prvi Dan ekolo\u0161kog duga i to 25. decembra.<\/p>\n<p>U poslednjoj deceniji odstupanja su minimalna, ali svejedno tro\u0161imo godi\u0161nji bud\u017eet pet mjeseci prije vremena. To je podsjetnik da \u010dovje\u010danstvo resurse pozajmljuje od budu\u0107ih generacija i dodatno osiroma\u0161uje biosferu, <a href=\"https:\/\/www.euronews.rs\/magazin\/nauka\/132091\/covecanstvo-krade-od-buducih-generacija-prvog-dana-avgusta-potroseni-svi-resursi-za-2024-godinu\/vest\" target=\"_blank\" rel=\"noopener\">pi\u0161e<\/a> Euronews.<\/p>\n<p>Svetski dan ekolo\u0161kog duga ra\u010duna se na osnovu podataka Ujednijenih nacija za ekolo\u0161ki otisak svake od zemalja, koji mjeri potra\u017enju za resursima, uklju\u010duju\u0107i potro\u0161nju i emisiju, kao i &#8220;biokapacitet&#8221; planete, odnosno sposobnost Zemlje da proizvodi obnovljive resurse i apsorbuje otpad.<\/p>\n","protected":false},"excerpt":{"rendered":"<p>Prvog dana avgusta potro\u0161eni svi resursi za 2024. godinu. Crna Gora je u ekolo\u0161ki dug u\u0161la jo\u0161 30. maja<\/p>\n","protected":false},"author":1,"featured_media":408927,"comment_status":"open","ping_status":"closed","sticky":false,"template":"","format":"standard","meta":{"_seopress_robots_primary_cat":"none","_seopress_titles_title":"","_seopress_titles_desc":"","_seopress_robots_index":"","_et_pb_use_builder":"","_et_pb_old_content":"","_et_gb_content_width":"","inline_featured_image":false,"footnotes":""},"categories":[14],"tags":[],"class_list":["post-408924","post","type-post","status-publish","format-standard","has-post-thumbnail","hentry","category-vijesti"],"_links":{"self":[{"href":"https:\/\/www.pcnen.com\/portal\/wp-json\/wp\/v2\/posts\/408924","targetHints":{"allow":["GET"]}}],"collection":[{"href":"https:\/\/www.pcnen.com\/portal\/wp-json\/wp\/v2\/posts"}],"about":[{"href":"https:\/\/www.pcnen.com\/portal\/wp-json\/wp\/v2\/types\/post"}],"author":[{"embeddable":true,"href":"https:\/\/www.pcnen.com\/portal\/wp-json\/wp\/v2\/users\/1"}],"replies":[{"embeddable":true,"href":"https:\/\/www.pcnen.com\/portal\/wp-json\/wp\/v2\/comments?post=408924"}],"version-history":[{"count":1,"href":"https:\/\/www.pcnen.com\/portal\/wp-json\/wp\/v2\/posts\/408924\/revisions"}],"predecessor-version":[{"id":408928,"href":"https:\/\/www.pcnen.com\/portal\/wp-json\/wp\/v2\/posts\/408924\/revisions\/408928"}],"wp:featuredmedia":[{"embeddable":true,"href":"https:\/\/www.pcnen.com\/portal\/wp-json\/wp\/v2\/media\/408927"}],"wp:attachment":[{"href":"https:\/\/www.pcnen.com\/portal\/wp-json\/wp\/v2\/media?parent=408924"}],"wp:term":[{"taxonomy":"category","embeddable":true,"href":"https:\/\/www.pcnen.com\/portal\/wp-json\/wp\/v2\/categories?post=408924"},{"taxonomy":"post_tag","embeddable":true,"href":"https:\/\/www.pcnen.com\/portal\/wp-json\/wp\/v2\/tags?post=408924"}],"curies":[{"name":"wp","href":"https:\/\/api.w.org\/{rel}","templated":true}]}}