{"id":408911,"date":"2024-08-01T20:59:23","date_gmt":"2024-08-01T18:59:23","guid":{"rendered":"https:\/\/www.pcnen.com\/portal\/?p=408911"},"modified":"2024-08-01T20:59:23","modified_gmt":"2024-08-01T18:59:23","slug":"pretezno-suncano-do-37-stepeni","status":"publish","type":"post","link":"https:\/\/www.pcnen.com\/portal\/2024\/08\/01\/pretezno-suncano-do-37-stepeni\/","title":{"rendered":"Prete\u017eno sun\u010dano, do 37 stepeni"},"content":{"rendered":"<p>U petak \u0107e u Crnoj Gori biti prete\u017eno sun\u010dano.<\/p>\n<p>U popodnevnim satima, uglavnom u sjevernim predjelima , uz umjeren do poja\u010dan razvoj obla\u010dnosti, lokalno \u0107e biti ki\u0161a ili pljusak pra\u0107en grmljavinom.<\/p>\n<p>Vjetar slab do umjeren, promjenljiv.<\/p>\n<p>Jutarnja temperatura vazduha kreta\u0107e se od 9 do 23, najvi\u0161a dnevna od 26 do 37 stepeni.<\/p>\n<p>U Podgorici \u0107e biti sun\u010dano, uz slab do umjeren razvoj obla\u010dnosti.<\/p>\n<p>Vjetar slab do umjeren bi\u0107e promjenljivog smjera.<\/p>\n<p>Jutarnja temperatura vazduha oko 23, najvi\u0161a dnevna 37 stepeni.<\/p>\n","protected":false},"excerpt":{"rendered":"<p>U petak \u0107e u Crnoj Gori biti prete\u017eno sun\u010dano.<\/p>\n","protected":false},"author":1,"featured_media":373264,"comment_status":"open","ping_status":"closed","sticky":false,"template":"","format":"standard","meta":{"_seopress_robots_primary_cat":"none","_seopress_titles_title":"","_seopress_titles_desc":"","_seopress_robots_index":"","_et_pb_use_builder":"","_et_pb_old_content":"","_et_gb_content_width":"","inline_featured_image":false,"footnotes":""},"categories":[14],"tags":[],"class_list":["post-408911","post","type-post","status-publish","format-standard","has-post-thumbnail","hentry","category-vijesti"],"_links":{"self":[{"href":"https:\/\/www.pcnen.com\/portal\/wp-json\/wp\/v2\/posts\/408911","targetHints":{"allow":["GET"]}}],"collection":[{"href":"https:\/\/www.pcnen.com\/portal\/wp-json\/wp\/v2\/posts"}],"about":[{"href":"https:\/\/www.pcnen.com\/portal\/wp-json\/wp\/v2\/types\/post"}],"author":[{"embeddable":true,"href":"https:\/\/www.pcnen.com\/portal\/wp-json\/wp\/v2\/users\/1"}],"replies":[{"embeddable":true,"href":"https:\/\/www.pcnen.com\/portal\/wp-json\/wp\/v2\/comments?post=408911"}],"version-history":[{"count":1,"href":"https:\/\/www.pcnen.com\/portal\/wp-json\/wp\/v2\/posts\/408911\/revisions"}],"predecessor-version":[{"id":408914,"href":"https:\/\/www.pcnen.com\/portal\/wp-json\/wp\/v2\/posts\/408911\/revisions\/408914"}],"wp:featuredmedia":[{"embeddable":true,"href":"https:\/\/www.pcnen.com\/portal\/wp-json\/wp\/v2\/media\/373264"}],"wp:attachment":[{"href":"https:\/\/www.pcnen.com\/portal\/wp-json\/wp\/v2\/media?parent=408911"}],"wp:term":[{"taxonomy":"category","embeddable":true,"href":"https:\/\/www.pcnen.com\/portal\/wp-json\/wp\/v2\/categories?post=408911"},{"taxonomy":"post_tag","embeddable":true,"href":"https:\/\/www.pcnen.com\/portal\/wp-json\/wp\/v2\/tags?post=408911"}],"curies":[{"name":"wp","href":"https:\/\/api.w.org\/{rel}","templated":true}]}}