{"id":408907,"date":"2024-08-01T18:29:41","date_gmt":"2024-08-01T16:29:41","guid":{"rendered":"https:\/\/www.pcnen.com\/portal\/?p=408907"},"modified":"2024-08-01T18:29:41","modified_gmt":"2024-08-01T16:29:41","slug":"u-ankari-najveca-razmjena-zatvorenika-od-hladnog-rata","status":"publish","type":"post","link":"https:\/\/www.pcnen.com\/portal\/2024\/08\/01\/u-ankari-najveca-razmjena-zatvorenika-od-hladnog-rata\/","title":{"rendered":"U Ankari najve\u0107a razmjena zatvorenika od Hladnog rata"},"content":{"rendered":"<p>Dvadeset \u0161est ljudi iz zatvora u sedam razli\u010ditih zemalja, uklju\u010duju\u0107i SAD i Rusiju, razmijenjeno je u Ankari, saop\u0161tila je Kancelarija predsjednika Turske. Me\u0111u njima nalazi se i novinar Ivan Ger\u0161kovi\u0107, koji je sada slobodan, potvrdio je Vol Strit \u017durnal (WJS). Rije\u010d je o najve\u0107oj razmjeni zatvorenika od Hladnog rata, pi\u0161u zapadni mediji, <a href=\"https:\/\/www.euronews.rs\/evropa\/vesti\/132042\/najveca-razmena-zatvorenika-od-hladnog-rata-osloboden-gerskovic\/vest\" target=\"_blank\" rel=\"noopener\">prenosi<\/a> Euronews.rs.<\/p>\n<p>Velika razmena zatvorenika izme\u0111u Rusije i zapadnih zemalja je, sude\u0107i po ruskim medijima, po\u010dela rano jutros letom aviona An-148 iz Moskve sa oznakom RA-61727, koji je kori\u0161\u0107en u prethodnoj razmjeni 27. aprila 2022. godine. Turska televizija NTV javila je da su avioni ameri\u010dke i ruske vlade sletjeli na aerodrom Esenboga u Ankari u okviru razmjene \u0161pijuna izme\u0111u SAD i Rusije pod koordinacijom turske Nacionalne obavje\u0161tajne organizacije (MIT).<\/p>\n<p>Me\u0111u razmijenjenim zarobljenicima je i novinar WJS Ivan Ger\u0161kovi\u010d, koji je u Rusiji osu\u0111en na 16 godina robije zbog \u0161pijuna\u017ee.<\/p>\n","protected":false},"excerpt":{"rendered":"<p>Dvadeset \u0161est ljudi iz zatvora u sedam razli\u010ditih zemalja, uklju\u010duju\u0107i SAD i Rusiju, razmijenjeno je u Ankari, saop\u0161tila je Kancelarija predsjednika Turske. Me\u0111u njima nalazi se i novinar Ivan Ger\u0161kovi\u0107, koji je sada slobodan, potvrdio je Vol Strit \u017durnal (WJS). Rije\u010d je o najve\u0107oj razmjeni zatvorenika od Hladnog rata<\/p>\n","protected":false},"author":1,"featured_media":291745,"comment_status":"open","ping_status":"closed","sticky":false,"template":"","format":"standard","meta":{"_seopress_robots_primary_cat":"none","_seopress_titles_title":"","_seopress_titles_desc":"","_seopress_robots_index":"","_et_pb_use_builder":"","_et_pb_old_content":"","_et_gb_content_width":"","inline_featured_image":false,"footnotes":""},"categories":[14],"tags":[],"class_list":["post-408907","post","type-post","status-publish","format-standard","has-post-thumbnail","hentry","category-vijesti"],"_links":{"self":[{"href":"https:\/\/www.pcnen.com\/portal\/wp-json\/wp\/v2\/posts\/408907","targetHints":{"allow":["GET"]}}],"collection":[{"href":"https:\/\/www.pcnen.com\/portal\/wp-json\/wp\/v2\/posts"}],"about":[{"href":"https:\/\/www.pcnen.com\/portal\/wp-json\/wp\/v2\/types\/post"}],"author":[{"embeddable":true,"href":"https:\/\/www.pcnen.com\/portal\/wp-json\/wp\/v2\/users\/1"}],"replies":[{"embeddable":true,"href":"https:\/\/www.pcnen.com\/portal\/wp-json\/wp\/v2\/comments?post=408907"}],"version-history":[{"count":1,"href":"https:\/\/www.pcnen.com\/portal\/wp-json\/wp\/v2\/posts\/408907\/revisions"}],"predecessor-version":[{"id":408910,"href":"https:\/\/www.pcnen.com\/portal\/wp-json\/wp\/v2\/posts\/408907\/revisions\/408910"}],"wp:featuredmedia":[{"embeddable":true,"href":"https:\/\/www.pcnen.com\/portal\/wp-json\/wp\/v2\/media\/291745"}],"wp:attachment":[{"href":"https:\/\/www.pcnen.com\/portal\/wp-json\/wp\/v2\/media?parent=408907"}],"wp:term":[{"taxonomy":"category","embeddable":true,"href":"https:\/\/www.pcnen.com\/portal\/wp-json\/wp\/v2\/categories?post=408907"},{"taxonomy":"post_tag","embeddable":true,"href":"https:\/\/www.pcnen.com\/portal\/wp-json\/wp\/v2\/tags?post=408907"}],"curies":[{"name":"wp","href":"https:\/\/api.w.org\/{rel}","templated":true}]}}