{"id":408899,"date":"2024-08-01T17:21:15","date_gmt":"2024-08-01T15:21:15","guid":{"rendered":"https:\/\/www.pcnen.com\/portal\/?p=408899"},"modified":"2024-08-01T17:21:15","modified_gmt":"2024-08-01T15:21:15","slug":"apelacioni-sud-potvrdio-rjesenje-viseg-suda-u-slucaju-do-kvon","status":"publish","type":"post","link":"https:\/\/www.pcnen.com\/portal\/2024\/08\/01\/apelacioni-sud-potvrdio-rjesenje-viseg-suda-u-slucaju-do-kvon\/","title":{"rendered":"Apelacioni sud potvrdio rje\u0161enje Vi\u0161eg suda u slu\u010daju Do Kvon"},"content":{"rendered":"<p>Apelacioni sud Crne Gore je potvrdio rje\u0161enje Vi\u0161eg suda u Podgorici u dijelu u kojem je odbijeno izru\u010denje ju\u017enokorejskog dr\u017eavljanina Hjong Do Kvona po zamolnici SAD, zvani\u010dno je <a href=\"https:\/\/sudovi.me\/ascg\/sadrzaj\/6OBQ\" target=\"_blank\" rel=\"noopener\">saop\u0161teno.<\/a><\/p>\n<p>&#8220;Prvostepenim rje\u0161enjem Vi\u0161eg suda u Podgorici dozvoljeno je izru\u010denje u skra\u0107enom postupku dr\u017eavljanina Republike Koreje okrivljenog Hjong Do Kvona, radi krivi\u010dnog gonjenja zbog vi\u0161e krivi\u010dnih djela po molbi Republike Koreje, dok je odbijeno izru\u010denje ovog okrivljenog u skra\u0107enom postupku po molbi SAD-a. Protiv navedenog rje\u0161enja nije bilo \u017ealbe, pa je odluka Vi\u0161eg suda u Podgorici u dijelu u kojem je dozvoljeno izru\u010denje u skra\u0107enom postupku po molbi Republike Koreje pravnosna\u017ena&#8221;, re\u010deno je u saop\u0161tenju Apelacionog suda.<\/p>\n<p>Apelacioni sud CG je po slu\u017ebenoj du\u017enosti ispitivao navedeno rje\u0161enje.<\/p>\n","protected":false},"excerpt":{"rendered":"<p>Apelacioni sud CG je po slu\u017ebenoj du\u017enosti ispitivao navedeno rje\u0161enje<\/p>\n","protected":false},"author":1,"featured_media":371468,"comment_status":"open","ping_status":"closed","sticky":false,"template":"","format":"standard","meta":{"_seopress_robots_primary_cat":"none","_seopress_titles_title":"","_seopress_titles_desc":"","_seopress_robots_index":"","_et_pb_use_builder":"","_et_pb_old_content":"","_et_gb_content_width":"","inline_featured_image":false,"footnotes":""},"categories":[14],"tags":[],"class_list":["post-408899","post","type-post","status-publish","format-standard","has-post-thumbnail","hentry","category-vijesti"],"_links":{"self":[{"href":"https:\/\/www.pcnen.com\/portal\/wp-json\/wp\/v2\/posts\/408899","targetHints":{"allow":["GET"]}}],"collection":[{"href":"https:\/\/www.pcnen.com\/portal\/wp-json\/wp\/v2\/posts"}],"about":[{"href":"https:\/\/www.pcnen.com\/portal\/wp-json\/wp\/v2\/types\/post"}],"author":[{"embeddable":true,"href":"https:\/\/www.pcnen.com\/portal\/wp-json\/wp\/v2\/users\/1"}],"replies":[{"embeddable":true,"href":"https:\/\/www.pcnen.com\/portal\/wp-json\/wp\/v2\/comments?post=408899"}],"version-history":[{"count":1,"href":"https:\/\/www.pcnen.com\/portal\/wp-json\/wp\/v2\/posts\/408899\/revisions"}],"predecessor-version":[{"id":408902,"href":"https:\/\/www.pcnen.com\/portal\/wp-json\/wp\/v2\/posts\/408899\/revisions\/408902"}],"wp:featuredmedia":[{"embeddable":true,"href":"https:\/\/www.pcnen.com\/portal\/wp-json\/wp\/v2\/media\/371468"}],"wp:attachment":[{"href":"https:\/\/www.pcnen.com\/portal\/wp-json\/wp\/v2\/media?parent=408899"}],"wp:term":[{"taxonomy":"category","embeddable":true,"href":"https:\/\/www.pcnen.com\/portal\/wp-json\/wp\/v2\/categories?post=408899"},{"taxonomy":"post_tag","embeddable":true,"href":"https:\/\/www.pcnen.com\/portal\/wp-json\/wp\/v2\/tags?post=408899"}],"curies":[{"name":"wp","href":"https:\/\/api.w.org\/{rel}","templated":true}]}}