{"id":408892,"date":"2024-08-01T17:04:20","date_gmt":"2024-08-01T15:04:20","guid":{"rendered":"https:\/\/www.pcnen.com\/portal\/?p=408892"},"modified":"2024-08-01T17:04:20","modified_gmt":"2024-08-01T15:04:20","slug":"nvo-upozorile-ne-betonizaciju-cijevne","status":"publish","type":"post","link":"https:\/\/www.pcnen.com\/portal\/2024\/08\/01\/nvo-upozorile-ne-betonizaciju-cijevne\/","title":{"rendered":"NVO upozorile ne betonizaciju Cijevne"},"content":{"rendered":"<p>Nevladine organizacije Eko-tim i Crnogorsko dru\u0161tvo ekologa su izraili zabrinutost i sumnju &#8220;u vezi s radovima koji su sprovedeni u dijelu za\u0161ti\u0107enog podru\u010dja spomenika prirode &#8216;Kanjon rijeke Cijevne&#8217;, u mjestu Dobr\u010din&#8221;.<\/p>\n<p>&#8220;Betoniranje korita rijeke i pravljenje pla\u017ee, obaloutvrda i pristupnog puta izazvalo je ozbiljne sumnje u legalnost tih radova, posebno jer je uvidom u elektronsku evidenciju o nepokretnostima\u00a0 uo\u010deno da se radi o dr\u017eavnoj imovini&#8221;, ka\u017ee se u saop\u0161tenju pomenutih organizacija.<\/p>\n<p>Organizacije su uputile incijative za inspekcijski nadzor relevantnim institucijama, kako bi se utvrdila legalnost ovih radova i apelovale na nadle\u017ene organe &#8220;da odmah preduzmu sve potrebne korake, u skladu sa zakonom, te ukoliko se utvrdi da je betonozacija korita nelegalna, sankcioni\u0161e odgovorne i naredni vra\u0107anje korita u prirodno stanje&#8221;.<\/p>\n<p><img loading=\"lazy\" decoding=\"async\" class=\"size-full wp-image-408897 aligncenter\" src=\"https:\/\/www.pcnen.com\/portal\/wp-content\/uploads\/2024\/08\/cijevna-mapa.jpg\" alt=\"cijevna mapa\" width=\"970\" height=\"596\" srcset=\"https:\/\/www.pcnen.com\/portal\/wp-content\/uploads\/2024\/08\/cijevna-mapa.jpg 970w, https:\/\/www.pcnen.com\/portal\/wp-content\/uploads\/2024\/08\/cijevna-mapa-480x295.jpg 480w\" sizes=\"(min-width: 0px) and (max-width: 480px) 480px, (min-width: 481px) 970px, 100vw\" \/><\/p>\n","protected":false},"excerpt":{"rendered":"<p>Nevladine organizacije Eko-tim i Crnogorsko dru\u0161tvo ekologa su izraili zabrinutost i sumnju &#8220;u vezi s radovima koji su sprovedeni u dijelu za\u0161ti\u0107enog podru\u010dja spomenika prirode &#8216;Kanjon rijeke Cijevne&#8217;, u mjestu Dobr\u010din&#8221;<\/p>\n","protected":false},"author":1,"featured_media":408895,"comment_status":"open","ping_status":"closed","sticky":false,"template":"","format":"standard","meta":{"_seopress_robots_primary_cat":"none","_seopress_titles_title":"","_seopress_titles_desc":"","_seopress_robots_index":"","_et_pb_use_builder":"","_et_pb_old_content":"","_et_gb_content_width":"","inline_featured_image":false,"footnotes":""},"categories":[14],"tags":[],"class_list":["post-408892","post","type-post","status-publish","format-standard","has-post-thumbnail","hentry","category-vijesti"],"_links":{"self":[{"href":"https:\/\/www.pcnen.com\/portal\/wp-json\/wp\/v2\/posts\/408892","targetHints":{"allow":["GET"]}}],"collection":[{"href":"https:\/\/www.pcnen.com\/portal\/wp-json\/wp\/v2\/posts"}],"about":[{"href":"https:\/\/www.pcnen.com\/portal\/wp-json\/wp\/v2\/types\/post"}],"author":[{"embeddable":true,"href":"https:\/\/www.pcnen.com\/portal\/wp-json\/wp\/v2\/users\/1"}],"replies":[{"embeddable":true,"href":"https:\/\/www.pcnen.com\/portal\/wp-json\/wp\/v2\/comments?post=408892"}],"version-history":[{"count":1,"href":"https:\/\/www.pcnen.com\/portal\/wp-json\/wp\/v2\/posts\/408892\/revisions"}],"predecessor-version":[{"id":408898,"href":"https:\/\/www.pcnen.com\/portal\/wp-json\/wp\/v2\/posts\/408892\/revisions\/408898"}],"wp:featuredmedia":[{"embeddable":true,"href":"https:\/\/www.pcnen.com\/portal\/wp-json\/wp\/v2\/media\/408895"}],"wp:attachment":[{"href":"https:\/\/www.pcnen.com\/portal\/wp-json\/wp\/v2\/media?parent=408892"}],"wp:term":[{"taxonomy":"category","embeddable":true,"href":"https:\/\/www.pcnen.com\/portal\/wp-json\/wp\/v2\/categories?post=408892"},{"taxonomy":"post_tag","embeddable":true,"href":"https:\/\/www.pcnen.com\/portal\/wp-json\/wp\/v2\/tags?post=408892"}],"curies":[{"name":"wp","href":"https:\/\/api.w.org\/{rel}","templated":true}]}}