{"id":408871,"date":"2024-08-01T12:20:27","date_gmt":"2024-08-01T10:20:27","guid":{"rendered":"https:\/\/www.pcnen.com\/portal\/?p=408871"},"modified":"2024-08-01T12:21:56","modified_gmt":"2024-08-01T10:21:56","slug":"o-drzavnom-terorizmu-i-teroristima","status":"publish","type":"post","link":"https:\/\/www.pcnen.com\/portal\/2024\/08\/01\/o-drzavnom-terorizmu-i-teroristima\/","title":{"rendered":"O dr\u017eavnom terorizmu i teroristima"},"content":{"rendered":"<blockquote><p><strong>Pi\u0161e: Omer \u0160ARKI\u0106<\/strong><\/p><\/blockquote>\n<p>U vrijeme kada sam bio dijete jako su bili popularni kaubojski( vestern) filmovi. Obo\u017eavao sam ih kao i ve\u0107ina mojih drugova. Divio sam se kaubojima u trapericama, sa \u0161e\u0161irom na glavi, koji su imali koltove i pu\u0161ke, pravedno se branili od nasrtaja divljih i okrutnih Indijanaca, crvenoko\u017eaca, koji su u napadima strijelama i sjekirama na bjelce &#8211; pravedne kauboje &#8211; ispu\u0161tali neke divlje krike, a kada bi ih ubili skidali bi im skalp sa glave. Pravi divljaci su bili ti Indijanci! Zbog njihove okrutnosti i divlja\u0161tva, mrzio sam ih iz dna du\u0161e.<\/p>\n<p>Mnogo godina kasnije sam doznao da su kauboji, u stvari, oni koji su bili pravi divljaci, da su masovno ubijali i protjerivali starosjedioce \u2013 Indijance, otimali im zemlju, smje\u0161tali u rezervate \u2013 prete\u010de logora. Da su kauboji \u2013 osvaja\u010di, imali svu silu \u2013 topove, pu\u0161ke i pi\u0161tolje, dok su indijanci imali samo strijele i sjekire koje su im slu\u017eile za lov, a ne osvajanja, te da su u toj neravnopravnoj, oslobodila\u010dkoj borbi, pobijeni do istrebljenja. To saznanje, sje\u0107am se, bilo je jedno od mojih prvih velikih \u017eivotnih\u00a0 razo\u010daranje, trauma mogu slobodno re\u0107i.<\/p>\n<p>U aktu dr\u017eavnog terorizma Izrael je ju\u010de ubio lidera palestinskog oslobodila\u010dkog pokreta otpora Hamas, Ismaila Haniju. To je uradio u raketnom napadu koji je izveo u tre\u0107oj zemlji, Iranu, \u0161to je akt agresije i dr\u017eavnog terorizma po me\u0111unoradnom pravu. Oslobodila\u010dki pokret otpora, palestinski Hamas, od strane SAD i Zapada je progla\u0161en za teroristi\u010dki, isto kao \u0161to je nacisti\u010dka Njema\u010dka progla\u0161avala oslobodila\u010dke pokrete u Evropi teroristi\u010dkim (jugoslovenski, poljski, franscuski pokret otpora&#8230;).\u00a0 Akt dr\u017eavnog terorizma i napada na suverenu zemlju Iran, u mejnstrim medijima, od strane\u00a0 \u201ecivilizovanog\u201c Zapada i najve\u0107eg svjetskog dr\u017eavnog teroriste SAD propra\u0107en je \u0161utnjom, pre\u0107utnom ili \u010dak javnom podr\u0161kom \u201epravu Izraela da se brani\u201c dr\u017eavnim terorizmom na teritoriji tre\u0107ih zemalja! U mejnstrim medijama koji su dominantni na Zapadu i kod nas, a koji kreiraju javno mnjenje, okupator koji decenijama vr\u0161i genocid nad palestinskim narodom &#8211; protjeruje ih, nemilice ubija, zatvara, raseljava smje\u0161taju\u0107i ih u rezervate &#8211; kao kauboji Inidijance, upotrebljavaju\u0107i \u201etopove, pu\u0161ke i pi\u0161tolje\u201c, dok se ovi brane \u201elukom, strijelom i sjekirom\u201c, prvi imaju svu vrstu podr\u0161ke od \u201ecivilizovanog\u201c Zapada i Amerike, dok drugi \u2013 koji se brane &#8211; progla\u0161avaju se teroristima!<\/p>\n<p>Neko \u0107e re\u0107i da je palestinski oslobodila\u010dki pokret otpora Hamas 7. oktobra napao Izrael i ubio 1200 civila, te zato Izrael ima pravo na samodobranu!?<\/p>\n<p>Izrael je mnogo ranije od 7. oktobra, desetlje\u0107ima masakrirao, etni\u010dki \u010distio i ubijao Palestince, protjerivao ih iz njihovih domova; zatvarao, smje\u0161tao u geta, a u odgovoru Hamasa nije ubijeno 1200 civila ve\u0107 mnogo manje &#8211; \u00a0jer dio ubijenih su bili pripadnici oru\u017eanih snaga Izraela \u2013 vojnih i paravojnih, a dio je ubila izraelska vojska u njihovoj \u201eodbrambrenoj doktrini\u201c koja ne dozvoljava zarobljavanja talaca, \u0161to su oni koji se ne informi\u0161u isklju\u010divo iz mejnstim medija ve\u0107 znali, a \u0161to tek sada, dozirano, izlazi u javnost.<\/p>\n<p>40 000 ubijenih Palestinaca, me\u0111u kojim su ve\u0107ina civili, najvi\u0161e \u017eene i djeca, je recipro\u010dan odgovor okupatora nad okupiranim!?<\/p>\n<p>Podsjeti\u0107u da, kada je nacisti\u010dka Njema\u010dka poku\u0161ala da okupira Britaniju \u2013 samo poku\u0161ala, \u010cer\u010dil je poslao svoje lovce i bombardere da siju smrt po civilima u njema\u010dkim gradovima, kako bi i oni vidjeli kako to izgleda. Da li je takav odgovor \u010cer\u010dila progla\u0161en terorizmom, a \u010cer\u010dil teroristom, ili je slavljen upravo zbog takvog odgovora?<\/p>\n<p>Da se vratim na ubistvo palestisnkog politi\u010dkog lidera oslobodila\u010dkog pokreta Hamas Ismaila Hanije. Kao \u0161to sam ve\u0107 napisao, ali vrijedi ponoviti: Hanije je ubijen klasi\u010dnim aktom dr\u017eavnog terorizma u tre\u0107oj zemlji, \u0161to po me\u0111unarodnom rarvu \u2013 ako ono vi\u0161e uop\u0161te postoji, a o\u010digledno je da ne postoji &#8211; predstavlja napad na tu zemlju.<\/p>\n<p>Hanije koji je od strane mejnstirm medija i kolektivnog Zapada na \u010delu sa SAD predstavljen i progla\u0161en teroristom, a osolobodi\u010da\u010dki pokret Hamas za teroristi\u010dkim, ro\u0111en je u izbjegli\u010dkom kampu u Gazi, poslije protjerivanja njegovih roditelja \u00a0iz rodnog \u00a0grada Asqalana. Zatvaran je nekoliko puta od strane izraelskih okupatora, a zatim je protjeran u Liban. Postao je politi\u010dki lider Hamasa na izborima odr\u017eanim u okupiranoj Gazi. Izbjegao je nekoliko poku\u0161aja atentata od strane teroristi\u010dke, okupatorske i genocidna dr\u017eave Izrael. U toku trajanja aktuelnog, najsurovijeg genocida nad palestinskim narodom, Haniju je izrealska okupatorska i genocidna vojska raketnim napadom ubila tri sina i \u010detvoro unu\u010dadi. Postoji video snimak \u2013 koji ne\u0107ete na\u0107i u mejnstrim medijima, trenutka kada mu saop\u0161tavaju da su mu ubili sinove i unu\u010dad. Ve\u0107e mirno\u0107e ali istovremeno i tuge, nijesam mogao ni zamilisti da neki \u010dovjek mo\u017ee podnijeti. Stameno i tiho, bez grimasa i trzaja \u2013 kamoli pla\u010da, sa mirno\u0107om punom one neopisive tuge primio je vijest da mu je ubijen ve\u0107i dio potomstva. Kasnije je izjavio \u201e svi na\u0161i ljudi i sve porodice stanovnika Gaze platile su visoku cijenu krvlju njihove djece, a ja sam samo jedan od njih\u201c. Uprkos svemu tome nije odustao od mirovnih pregovora, bio je pragmati\u010dan i umjeren polit\u010dar, gospodstven iznad svega, \u0161to je pokazivao kako dr\u017eanjem tako \u00a0likom. Njega su \u201ecivilizovani Zapad\u201c i SAD proglasili teroristom, a premijera okupatorske i genocidne dr\u017eave, kojeg Me\u0111unarodni krivi\u010dni sud u Hagu optu\u017euje i potra\u017euje zbog sumnje za ratne zlo\u010dine, \u00a0ameri\u010dki Kongres pozdravlja ovacijama!<\/p>\n<p>Kako volim paralele, napravi\u0107u jo\u0161 jednu.<\/p>\n<p>Dr\u017eavni terorizam na teritoriji tre\u0107ih dr\u017eava kao vid vo\u0111enja \u201edemokratske politike drugim sredstvima\u201c, nije originalni izum Izraela, ve\u0107 Carstva demokratije i ljudskih prava &#8211; SAD. Podsjeti\u0107u vas da su SAD u Iraku (tako\u0111e tre\u0107oj zemlji), u raketnom napadu, po nare\u0111enju tada\u0161njeg predsednika Trampa, ubili komandanta Iranske revolucionarne garde Sulejmanija, \u0161to je klasi\u010dan vid dr\u017eavnog terorizma. SAD su prije toga Sulejmanija proglasile teroristom \u2013 \u0161to je izgleda njihovo ekskluzivno pravo.<\/p>\n<p>Zamislimo sada slede\u0107u situaciju:<\/p>\n<p>Ameri\u010dki dr\u017eavni sekretar i savjetnik za nacionalnu bezbjednost Kolin Pauel\u00a0 je pred Savjetom bezbjednosti Ujedinjenih nacija mahao epruvetom sa bijelim prahom, tvrde\u0107i pred cijelim svijetom da je taj \u201ebijeli prah\u201c biolo\u0161ko oru\u017eje koje je prona\u0111eno u Iraku. Ta la\u017e je poslu\u017eila za ameri\u010dko-zapadnu invaziju i okupaciju Iraka u kojoj je ovaj sravnjen sa zemljom, pri \u010demu je ubijeno preko pola miliona Ira\u010dana, najvi\u0161e civila. Ova la\u017e Kolina Pauela, zbog posljedica koje je izazvala, mogla je poslu\u017eiti kao izgovor da se isti, sa pravom, uniletaralno proglasi od strane neke tre\u0107e zemlja kao opasni me\u0111unarodni terorista. Zamislimo sada da je ta zemlja, u raketnom napadu u tre\u0107oj zemlji, ubila Kolina Paula jer ga je proglasila teroristom!<\/p>\n<p>Na kraju, ako Iran odgovori Izraelu na napad \u2013 \u0161to po umrlom me\u0111unarodom pravu ima pravo &#8211; i izbije pravi rat ime\u0111u Irana i Izraela, SAD \u0107e stati \u2013 to svi znamo, ne na strani me\u0111unarodnog prava, ve\u0107 na strani \u00a0Izraela. U tom slu\u010daju postoji ve\u0107a mogu\u0107nost za izbijanje Tre\u0107eg svjetskog rata nego zbog rata u Ukrajini, jer Rusija svakako ne\u0107e dozvoliti da je svjetski teroristi\u010dki policajac potpuno okru\u017ei, \u0161to bi se desilo ako bi Iran bio napadnut i okupiran. No, to nije tema ovog teksta, ali, eto, upozoravam i na taj aspekt pri\u010de.<\/p>\n<blockquote><p>P. S. Kada portal PCNEN objavi ovaj tekst i prenese ga na fejsbuk, velika je vjerovatno\u0107a da \u0107e on biti uklonjen a portalu neko vrijeme zabranjen pristup na toj dru\u0161tvenoj mre\u017ei. Toliko o slobodi, slobodi \u0161tampe i mi\u0161ljenja koja nam se stalno propagira.<\/p>\n<p><strong>PCNEN: Da bismo prevenirali ovu mogu\u0107nost, ovaj blog ne\u0107emo prenijeti na FB izdanje portala. Ve\u0107 smo nekoliko puta ka\u017enjeni zbog neuklapanja u standarde FB.<br \/>\n<\/strong><\/p><\/blockquote>\n","protected":false},"excerpt":{"rendered":"<p>Dr\u017eavni terorizam na teritoriji tre\u0107ih dr\u017eava kao vid vo\u0111enja \u201edemokratske politike drugim sredstvima\u201c, nije originalni izum Izraela, ve\u0107 Carstva demokratije i ljudskih prava &#8211; SAD<\/p>\n","protected":false},"author":12,"featured_media":398716,"comment_status":"open","ping_status":"closed","sticky":false,"template":"","format":"standard","meta":{"_seopress_robots_primary_cat":"none","_seopress_titles_title":"","_seopress_titles_desc":"","_seopress_robots_index":"","_et_pb_use_builder":"","_et_pb_old_content":"","_et_gb_content_width":"","inline_featured_image":false,"footnotes":""},"categories":[17],"tags":[],"class_list":["post-408871","post","type-post","status-publish","format-standard","has-post-thumbnail","hentry","category-blogovi"],"_links":{"self":[{"href":"https:\/\/www.pcnen.com\/portal\/wp-json\/wp\/v2\/posts\/408871","targetHints":{"allow":["GET"]}}],"collection":[{"href":"https:\/\/www.pcnen.com\/portal\/wp-json\/wp\/v2\/posts"}],"about":[{"href":"https:\/\/www.pcnen.com\/portal\/wp-json\/wp\/v2\/types\/post"}],"author":[{"embeddable":true,"href":"https:\/\/www.pcnen.com\/portal\/wp-json\/wp\/v2\/users\/12"}],"replies":[{"embeddable":true,"href":"https:\/\/www.pcnen.com\/portal\/wp-json\/wp\/v2\/comments?post=408871"}],"version-history":[{"count":4,"href":"https:\/\/www.pcnen.com\/portal\/wp-json\/wp\/v2\/posts\/408871\/revisions"}],"predecessor-version":[{"id":408879,"href":"https:\/\/www.pcnen.com\/portal\/wp-json\/wp\/v2\/posts\/408871\/revisions\/408879"}],"wp:featuredmedia":[{"embeddable":true,"href":"https:\/\/www.pcnen.com\/portal\/wp-json\/wp\/v2\/media\/398716"}],"wp:attachment":[{"href":"https:\/\/www.pcnen.com\/portal\/wp-json\/wp\/v2\/media?parent=408871"}],"wp:term":[{"taxonomy":"category","embeddable":true,"href":"https:\/\/www.pcnen.com\/portal\/wp-json\/wp\/v2\/categories?post=408871"},{"taxonomy":"post_tag","embeddable":true,"href":"https:\/\/www.pcnen.com\/portal\/wp-json\/wp\/v2\/tags?post=408871"}],"curies":[{"name":"wp","href":"https:\/\/api.w.org\/{rel}","templated":true}]}}