{"id":408865,"date":"2024-08-01T11:02:12","date_gmt":"2024-08-01T09:02:12","guid":{"rendered":"https:\/\/www.pcnen.com\/portal\/?p=408865"},"modified":"2024-08-01T11:06:13","modified_gmt":"2024-08-01T09:06:13","slug":"sd-povukao-inicijativu-za-smjenu-injac","status":"publish","type":"post","link":"https:\/\/www.pcnen.com\/portal\/2024\/08\/01\/sd-povukao-inicijativu-za-smjenu-injac\/","title":{"rendered":"SD povukao inicijativu za smjenu Injac"},"content":{"rendered":"<p>U toku je sjednica Skup\u0161tine Glavnog grada na kojoj je odbornik Socijldemokrata u Glavnom gradu Milo\u0161 Ma\u0161kovi\u0107 kazao da \u0107e povu\u0107i inicijativu za razrje\u0161enje gradona\u010delnice Olivere Injac, i da je nakon skra\u0107enja mandata gradskom parlamentu rasprava o njenom razrje\u0161enju nepotrebna.<\/p>\n<p>&#8220;Tu inicijativu smo podnijeli kao jedan od mehanizama za one koji su u tom trenutku bili voljni da idemo na prijevremene lokalne izbore. Tu inicijativu povla\u010dimo sa dnevnog reda, kako ne bismo optere\u0107ivali gra\u0111ane sa raspravom&#8221;, kazao je Ma\u0161kovi\u0107, prenosi gradski.me.<\/p>\n<p>Odbornik DPS-a Andrija Klikovac kazao je da ne \u017eele da pokvare izbornu trku Olivere Injac.<\/p>\n<p>&#8220;\u017delimo da Olivera Injac vodi listu PES-a. Ukoliko ne bude nosilac liste, zna\u010di da i u PES-u smatraju da nije dobro radila. Kao biv\u0161i kadar DPS-a zaslu\u017euje jo\u0161 jednu priliku&#8221;, kazao je Klikovac.<\/p>\n<p>Reagovao je Boris Pejovi\u0107 (PES) isti\u010du\u0107i da se ponose radom Injac i da \u0107e ona dati doprinos kampanji.<\/p>\n<blockquote class=\"wp-embedded-content\" data-secret=\"fFlAwPcWqz\"><p><a href=\"https:\/\/www.pcnen.com\/portal\/2024\/07\/27\/izbori-u-podgorici-29-septembra\/\">Izbori u Podgorici 29. septembra<\/a><\/p><\/blockquote>\n<p><iframe loading=\"lazy\" class=\"wp-embedded-content\" sandbox=\"allow-scripts\" security=\"restricted\" style=\"position: absolute; visibility: hidden;\" title=\"&#8220;Izbori u Podgorici 29. septembra&#8221; &#8212; PCNEN\" src=\"https:\/\/www.pcnen.com\/portal\/2024\/07\/27\/izbori-u-podgorici-29-septembra\/embed\/#?secret=mhUKMSaZ78#?secret=fFlAwPcWqz\" data-secret=\"fFlAwPcWqz\" width=\"600\" height=\"338\" frameborder=\"0\" marginwidth=\"0\" marginheight=\"0\" scrolling=\"no\"><\/iframe><\/p>\n","protected":false},"excerpt":{"rendered":"<p>U toku je sjednica Skup\u0161tine Glavnog grada na kojoj je odbornik Socijldemokrata u Glavnom gradu Milo\u0161 Ma\u0161kovi\u0107 kazao da \u0107e povu\u0107i inicijativu za razrje\u0161enje gradona\u010delnice Olivere Injac, i da je nakon skra\u0107enja mandata gradskom parlamentu rasprava o njenom razrje\u0161enju nepotrebna.<\/p>\n","protected":false},"author":1,"featured_media":367736,"comment_status":"open","ping_status":"closed","sticky":false,"template":"","format":"standard","meta":{"_seopress_robots_primary_cat":"none","_seopress_titles_title":"","_seopress_titles_desc":"","_seopress_robots_index":"","_et_pb_use_builder":"","_et_pb_old_content":"","_et_gb_content_width":"","inline_featured_image":false,"footnotes":""},"categories":[14],"tags":[],"class_list":["post-408865","post","type-post","status-publish","format-standard","has-post-thumbnail","hentry","category-vijesti"],"_links":{"self":[{"href":"https:\/\/www.pcnen.com\/portal\/wp-json\/wp\/v2\/posts\/408865","targetHints":{"allow":["GET"]}}],"collection":[{"href":"https:\/\/www.pcnen.com\/portal\/wp-json\/wp\/v2\/posts"}],"about":[{"href":"https:\/\/www.pcnen.com\/portal\/wp-json\/wp\/v2\/types\/post"}],"author":[{"embeddable":true,"href":"https:\/\/www.pcnen.com\/portal\/wp-json\/wp\/v2\/users\/1"}],"replies":[{"embeddable":true,"href":"https:\/\/www.pcnen.com\/portal\/wp-json\/wp\/v2\/comments?post=408865"}],"version-history":[{"count":2,"href":"https:\/\/www.pcnen.com\/portal\/wp-json\/wp\/v2\/posts\/408865\/revisions"}],"predecessor-version":[{"id":408869,"href":"https:\/\/www.pcnen.com\/portal\/wp-json\/wp\/v2\/posts\/408865\/revisions\/408869"}],"wp:featuredmedia":[{"embeddable":true,"href":"https:\/\/www.pcnen.com\/portal\/wp-json\/wp\/v2\/media\/367736"}],"wp:attachment":[{"href":"https:\/\/www.pcnen.com\/portal\/wp-json\/wp\/v2\/media?parent=408865"}],"wp:term":[{"taxonomy":"category","embeddable":true,"href":"https:\/\/www.pcnen.com\/portal\/wp-json\/wp\/v2\/categories?post=408865"},{"taxonomy":"post_tag","embeddable":true,"href":"https:\/\/www.pcnen.com\/portal\/wp-json\/wp\/v2\/tags?post=408865"}],"curies":[{"name":"wp","href":"https:\/\/api.w.org\/{rel}","templated":true}]}}