{"id":408857,"date":"2024-08-01T09:02:18","date_gmt":"2024-08-01T07:02:18","guid":{"rendered":"https:\/\/www.pcnen.com\/portal\/?p=408857"},"modified":"2024-08-01T13:08:18","modified_gmt":"2024-08-01T11:08:18","slug":"zajednicko-saopstenje-up-i-anb-na-djukanovica-nije-pripreman-atentat","status":"publish","type":"post","link":"https:\/\/www.pcnen.com\/portal\/2024\/08\/01\/zajednicko-saopstenje-up-i-anb-na-djukanovica-nije-pripreman-atentat\/","title":{"rendered":"Zajedni\u010dko saop\u0161tenje UP i ANB: Na \u0110ukanovi\u0107a nije pripreman atentat"},"content":{"rendered":"<p>U zajedni\u010dkom saop\u0161tenju Agencije za nacionalnu bezbjednost i Uprave policije isti\u010du da podaci dobijeni u okviru me\u0111unarodne saradnje ukazuju da strane obavje\u0161tajne slu\u017ebe, odnosno obavje\u0161tajna zajednica, nije izvor informacije da se u odnosu na ranijeg predsjednika dr\u017eave priprema atentat, a kako je bilo navedeno u pojedinim medijima.<\/p>\n<p>Kako napominju u saop\u0161tenju, nije ta\u010dna informacija objavljena u pojedinim medijima ovim povodom.<\/p>\n<p>&#8220;Vezano za medijske navode uo\u010di i nakon odr\u017eavanja sjednice Odbora za bezbjednost i odbranu na kojoj su saslu\u0161ani direktor Uprave policije Zoran Br\u0111anin i direktor Agencije za nacionalnu bezbjednost Boris Mili\u0107, a radi ta\u010dnog informisanja javnosti, uz po\u0161tovanje ograni\u010denja koja se odnose na za\u0161titu tajnih podataka, postoji potreba za ovim saop\u0161tenjem u cilju potpunog razja\u0161njenja \u010dinjenice, odnosno okolnosti koja je zaokupila medijsku pa\u017enju&#8221;, navode u saop\u0161tenju.<\/p>\n<p>Isti\u010du da podaci dobijeni u okviru me\u0111unarodne saradnje Agencije za nacionalnu bezbjednost ukazuju da strane obavje\u0161tajne slu\u017ebe, odnosno obavje\u0161tajna zajednica, nije izvor informacije da se u odnosu na ranijeg predsjednika dr\u017eave priprema atentat, a kao \u0161to je to bilo navedeno u pojedinim medijima, odnosno, proizilazi zaklju\u010dak da nije ta\u010dna informacija objavljena u pojedinim medijima ovim povodom.<\/p>\n<p>Uprava policije, kako dodaju, u okviru me\u0111unarodne operativne policijske saradnje, nije dobila pomenutu informaciju, odnosno takva informacija nije dostavljena Upravi policije u okviru me\u0111unarodne operativne policijske saradnje.<\/p>\n<p>&#8220;S tim u vezi, informacije da se prijeti biv\u0161em predsjedniku Crne Gore nijesu ta\u010dne&#8221;, napominju u saop\u0161tenju<\/p>\n<blockquote class=\"wp-embedded-content\" data-secret=\"muGBjUccuM\"><p><a href=\"https:\/\/www.pcnen.com\/portal\/2024\/07\/13\/djukanovic-obavijesten-da-se-na-njega-sprema-atentat\/\">\u0110ukanovi\u0107 obavije\u0161ten da se na njega sprema atentat<\/a><\/p><\/blockquote>\n<p><iframe loading=\"lazy\" class=\"wp-embedded-content\" sandbox=\"allow-scripts\" security=\"restricted\" style=\"position: absolute; visibility: hidden;\" title=\"&#8220;\u0110ukanovi\u0107 obavije\u0161ten da se na njega sprema atentat&#8221; &#8212; PCNEN\" src=\"https:\/\/www.pcnen.com\/portal\/2024\/07\/13\/djukanovic-obavijesten-da-se-na-njega-sprema-atentat\/embed\/#?secret=fgfHdQpsly#?secret=muGBjUccuM\" data-secret=\"muGBjUccuM\" width=\"600\" height=\"338\" frameborder=\"0\" marginwidth=\"0\" marginheight=\"0\" scrolling=\"no\"><\/iframe><\/p>\n","protected":false},"excerpt":{"rendered":"<p>U zajedni\u010dkom saop\u0161tenju Agencije za nacionalnu bezbjednost i Uprave policije isti\u010du da podaci dobijeni u okviru me\u0111unarodne saradnje ukazuju da strane obavje\u0161tajne slu\u017ebe, odnosno obavje\u0161tajna zajednica, nije izvor informacije da se u odnosu na ranijeg predsjednika dr\u017eave priprema atentat, a kako je bilo navedeno u pojedinim medijima.<\/p>\n","protected":false},"author":1,"featured_media":277008,"comment_status":"open","ping_status":"closed","sticky":false,"template":"","format":"standard","meta":{"_seopress_robots_primary_cat":"none","_seopress_titles_title":"","_seopress_titles_desc":"","_seopress_robots_index":"","_et_pb_use_builder":"","_et_pb_old_content":"","_et_gb_content_width":"","inline_featured_image":false,"footnotes":""},"categories":[14],"tags":[],"class_list":["post-408857","post","type-post","status-publish","format-standard","has-post-thumbnail","hentry","category-vijesti"],"_links":{"self":[{"href":"https:\/\/www.pcnen.com\/portal\/wp-json\/wp\/v2\/posts\/408857","targetHints":{"allow":["GET"]}}],"collection":[{"href":"https:\/\/www.pcnen.com\/portal\/wp-json\/wp\/v2\/posts"}],"about":[{"href":"https:\/\/www.pcnen.com\/portal\/wp-json\/wp\/v2\/types\/post"}],"author":[{"embeddable":true,"href":"https:\/\/www.pcnen.com\/portal\/wp-json\/wp\/v2\/users\/1"}],"replies":[{"embeddable":true,"href":"https:\/\/www.pcnen.com\/portal\/wp-json\/wp\/v2\/comments?post=408857"}],"version-history":[{"count":3,"href":"https:\/\/www.pcnen.com\/portal\/wp-json\/wp\/v2\/posts\/408857\/revisions"}],"predecessor-version":[{"id":408887,"href":"https:\/\/www.pcnen.com\/portal\/wp-json\/wp\/v2\/posts\/408857\/revisions\/408887"}],"wp:featuredmedia":[{"embeddable":true,"href":"https:\/\/www.pcnen.com\/portal\/wp-json\/wp\/v2\/media\/277008"}],"wp:attachment":[{"href":"https:\/\/www.pcnen.com\/portal\/wp-json\/wp\/v2\/media?parent=408857"}],"wp:term":[{"taxonomy":"category","embeddable":true,"href":"https:\/\/www.pcnen.com\/portal\/wp-json\/wp\/v2\/categories?post=408857"},{"taxonomy":"post_tag","embeddable":true,"href":"https:\/\/www.pcnen.com\/portal\/wp-json\/wp\/v2\/tags?post=408857"}],"curies":[{"name":"wp","href":"https:\/\/api.w.org\/{rel}","templated":true}]}}