{"id":408827,"date":"2024-07-31T19:11:29","date_gmt":"2024-07-31T17:11:29","guid":{"rendered":"https:\/\/www.pcnen.com\/portal\/?p=408827"},"modified":"2024-07-31T19:11:29","modified_gmt":"2024-07-31T17:11:29","slug":"srbija-usvojila-deklaraciju-svesrpskog-sabora","status":"publish","type":"post","link":"https:\/\/www.pcnen.com\/portal\/2024\/07\/31\/srbija-usvojila-deklaraciju-svesrpskog-sabora\/","title":{"rendered":"Srbija usvojila deklaraciju Svesrpskog sabora"},"content":{"rendered":"<p>Skup\u0161tina Srbije je, na vanrednom zasijedanju, usvojila Deklaraciju o za\u0161titi nacionalnih i politi\u010dkih prava i zajedni\u010dkoj budu\u0107nosti srpskog naroda, koju je donio Svesrpski sabor 8. juna.<\/p>\n<p>Za Deklaraciju, koja sadr\u017ei 49 zaklju\u010daka, stavova i ciljeva u cilju o\u010duvanja mira, stabilnosti, nacionalnog, kulturnog i vjerskog identiteta, kao i intenziviranja i produbljivanja saradnje i me\u0111usobne za\u0161tite, glasalo je 139 poslanika od 154 prisutnih.<\/p>\n<p>Devet je bilo protiv, nije glasalo \u0161est poslanika, a uzdr\u017eanih nije bilo.<\/p>\n<p>Deklaraciju je 2. jula usvojila Narodna skup\u0161tina Republike Srpske.<\/p>\n<p>U Deklaraciji se potvr\u0111uje da je himna &#8220;Bo\u017ee pravde&#8221; svesrpska himna, a da je dvoglavi orao Nemanji\u0107a nacionalni svesrpski grb.<\/p>\n<p>Izme\u0111u ostalog, navedeno je i da je Sretenje 15. februar Dan dr\u017eavnosti Srbije i Dan dr\u017eavnosti Republike Srpske koji treba ujedinjeno i zajedni\u010dki proslavljati, ali i da 9. januar ostaje Dan Republike Srpske.<\/p>\n<blockquote class=\"wp-embedded-content\" data-secret=\"vi7nJKqGle\"><p><a href=\"https:\/\/www.pcnen.com\/portal\/2024\/06\/08\/sta-pise-u-deklaraciji-usvojenoj-na-svesrpskom-saboru\/\">\u0160ta pi\u0161e u Deklaraciji usvojenoj na Svesrpskom saboru<\/a><\/p><\/blockquote>\n<p><iframe loading=\"lazy\" class=\"wp-embedded-content\" sandbox=\"allow-scripts\" security=\"restricted\" style=\"position: absolute; visibility: hidden;\" title=\"&#8220;\u0160ta pi\u0161e u Deklaraciji usvojenoj na Svesrpskom saboru&#8221; &#8212; PCNEN\" src=\"https:\/\/www.pcnen.com\/portal\/2024\/06\/08\/sta-pise-u-deklaraciji-usvojenoj-na-svesrpskom-saboru\/embed\/#?secret=s6uuHTrt8R#?secret=vi7nJKqGle\" data-secret=\"vi7nJKqGle\" width=\"600\" height=\"338\" frameborder=\"0\" marginwidth=\"0\" marginheight=\"0\" scrolling=\"no\"><\/iframe><\/p>\n","protected":false},"excerpt":{"rendered":"<p>Skup\u0161tina Srbije je, na vanrednom zasijedanju, usvojila Deklaraciju o za\u0161titi nacionalnih i politi\u010dkih prava i zajedni\u010dkoj budu\u0107nosti srpskog naroda, koju je donio Svesrpski sabor 8. juna.<\/p>\n","protected":false},"author":1,"featured_media":403961,"comment_status":"open","ping_status":"closed","sticky":false,"template":"","format":"standard","meta":{"_seopress_robots_primary_cat":"none","_seopress_titles_title":"","_seopress_titles_desc":"","_seopress_robots_index":"","_et_pb_use_builder":"","_et_pb_old_content":"","_et_gb_content_width":"","inline_featured_image":false,"footnotes":""},"categories":[14],"tags":[],"class_list":["post-408827","post","type-post","status-publish","format-standard","has-post-thumbnail","hentry","category-vijesti"],"_links":{"self":[{"href":"https:\/\/www.pcnen.com\/portal\/wp-json\/wp\/v2\/posts\/408827","targetHints":{"allow":["GET"]}}],"collection":[{"href":"https:\/\/www.pcnen.com\/portal\/wp-json\/wp\/v2\/posts"}],"about":[{"href":"https:\/\/www.pcnen.com\/portal\/wp-json\/wp\/v2\/types\/post"}],"author":[{"embeddable":true,"href":"https:\/\/www.pcnen.com\/portal\/wp-json\/wp\/v2\/users\/1"}],"replies":[{"embeddable":true,"href":"https:\/\/www.pcnen.com\/portal\/wp-json\/wp\/v2\/comments?post=408827"}],"version-history":[{"count":1,"href":"https:\/\/www.pcnen.com\/portal\/wp-json\/wp\/v2\/posts\/408827\/revisions"}],"predecessor-version":[{"id":408830,"href":"https:\/\/www.pcnen.com\/portal\/wp-json\/wp\/v2\/posts\/408827\/revisions\/408830"}],"wp:featuredmedia":[{"embeddable":true,"href":"https:\/\/www.pcnen.com\/portal\/wp-json\/wp\/v2\/media\/403961"}],"wp:attachment":[{"href":"https:\/\/www.pcnen.com\/portal\/wp-json\/wp\/v2\/media?parent=408827"}],"wp:term":[{"taxonomy":"category","embeddable":true,"href":"https:\/\/www.pcnen.com\/portal\/wp-json\/wp\/v2\/categories?post=408827"},{"taxonomy":"post_tag","embeddable":true,"href":"https:\/\/www.pcnen.com\/portal\/wp-json\/wp\/v2\/tags?post=408827"}],"curies":[{"name":"wp","href":"https:\/\/api.w.org\/{rel}","templated":true}]}}