{"id":408818,"date":"2024-07-31T18:49:45","date_gmt":"2024-07-31T16:49:45","guid":{"rendered":"https:\/\/www.pcnen.com\/portal\/?p=408818"},"modified":"2024-07-31T18:49:45","modified_gmt":"2024-07-31T16:49:45","slug":"ambasada-palestine-u-cg-zahvaljuje-i-izrazava-zaljenje","status":"publish","type":"post","link":"https:\/\/www.pcnen.com\/portal\/2024\/07\/31\/ambasada-palestine-u-cg-zahvaljuje-i-izrazava-zaljenje\/","title":{"rendered":"Ambasada Palestine u CG zahvaljuje i izra\u017eava \u017ealjenje"},"content":{"rendered":"<p>Ambasada Dr\u017eave Palestine u Crnoj Gori je danas izrazila &#8220;duboku zahvalnost hiljadama gra\u0111ana Crne Gore koji pokazuju podr\u0161ku palestinskom narodu, uklju\u010duju\u0107i i \u010dlanove Pokreta solidarnosti sa Palestinom koji su inicirali e-peticiju, zahtijevaju\u0107i od Skup\u0161tine da usvoji jasnu rezoluciju kojom se osu\u0111uju teku\u0107a izraelska zvjerstva u Palestini&#8221;, i saop\u0161tila da &#8220;jako&#8221; cijeni &#8220;stav svih poslanika koji su podr\u017eali ovu inicijativu, a posebno gospodina Nikole Zirojevi\u0107a koji je nacrt rezolucije uveo u skup\u0161tinsku proceduru i koji nije \u0161tedio napore sa svojim kolegama da postigne konsenzus&#8221;.<\/p>\n<p>&#8220;\u017dalosno je \u0161to u ovom veoma kriti\u010dnom momentu stavovi pojedinih politi\u010dkih partija nisu dozvolili usvajanje ove rezolucije, koja odra\u017eava zahtjeve hiljade gra\u0111ana Crne Gore iz svih etni\u010dkih i vjerskih komponenti dru\u0161tva. Nagla\u0161avamo da je osuda izraelskog genocidnog rata protiv palestinskog naroda koji je u toku i koji je doveo do ubijanja vi\u0161e od 40,000 Palestinaca, uklju\u010duju\u0107i 16.000 djece i 10,000 \u017eena, minimum koji se mo\u017ee u\u010diniti&#8221;, navodi se u reakciji palestinske ambasade.<\/p>\n<blockquote class=\"wp-embedded-content\" data-secret=\"eEeHN0rN3d\"><p><a href=\"https:\/\/www.pcnen.com\/portal\/2024\/07\/30\/zirojevic-u-parlamentu-sam-bio-izlozen-raznim-pritiscima-tokom-pregovora\/\">Zirojevi\u0107: U Parlamentu sam bio izlo\u017een raznim pritiscima tokom pregovora<\/a><\/p><\/blockquote>\n<p><iframe loading=\"lazy\" class=\"wp-embedded-content\" sandbox=\"allow-scripts\" security=\"restricted\" style=\"position: absolute; visibility: hidden;\" title=\"&#8220;Zirojevi\u0107: U Parlamentu sam bio izlo\u017een raznim pritiscima tokom pregovora&#8221; &#8212; PCNEN\" src=\"https:\/\/www.pcnen.com\/portal\/2024\/07\/30\/zirojevic-u-parlamentu-sam-bio-izlozen-raznim-pritiscima-tokom-pregovora\/embed\/#?secret=3tG7KpmhWN#?secret=eEeHN0rN3d\" data-secret=\"eEeHN0rN3d\" width=\"600\" height=\"338\" frameborder=\"0\" marginwidth=\"0\" marginheight=\"0\" scrolling=\"no\"><\/iframe><\/p>\n","protected":false},"excerpt":{"rendered":"<p>&#8220;\u017dalosno je \u0161to u ovom veoma kriti\u010dnom momentu stavovi pojedinih politi\u010dkih partija nisu dozvolili usvajanje ove rezolucije, koja odra\u017eava zahtjeve hiljade gra\u0111ana Crne Gore iz svih etni\u010dkih i vjerskih komponenti dru\u0161tva&#8221;<\/p>\n","protected":false},"author":1,"featured_media":408821,"comment_status":"open","ping_status":"closed","sticky":false,"template":"","format":"standard","meta":{"_seopress_robots_primary_cat":"none","_seopress_titles_title":"","_seopress_titles_desc":"","_seopress_robots_index":"","_et_pb_use_builder":"","_et_pb_old_content":"","_et_gb_content_width":"","inline_featured_image":false,"footnotes":""},"categories":[14],"tags":[],"class_list":["post-408818","post","type-post","status-publish","format-standard","has-post-thumbnail","hentry","category-vijesti"],"_links":{"self":[{"href":"https:\/\/www.pcnen.com\/portal\/wp-json\/wp\/v2\/posts\/408818","targetHints":{"allow":["GET"]}}],"collection":[{"href":"https:\/\/www.pcnen.com\/portal\/wp-json\/wp\/v2\/posts"}],"about":[{"href":"https:\/\/www.pcnen.com\/portal\/wp-json\/wp\/v2\/types\/post"}],"author":[{"embeddable":true,"href":"https:\/\/www.pcnen.com\/portal\/wp-json\/wp\/v2\/users\/1"}],"replies":[{"embeddable":true,"href":"https:\/\/www.pcnen.com\/portal\/wp-json\/wp\/v2\/comments?post=408818"}],"version-history":[{"count":1,"href":"https:\/\/www.pcnen.com\/portal\/wp-json\/wp\/v2\/posts\/408818\/revisions"}],"predecessor-version":[{"id":408822,"href":"https:\/\/www.pcnen.com\/portal\/wp-json\/wp\/v2\/posts\/408818\/revisions\/408822"}],"wp:featuredmedia":[{"embeddable":true,"href":"https:\/\/www.pcnen.com\/portal\/wp-json\/wp\/v2\/media\/408821"}],"wp:attachment":[{"href":"https:\/\/www.pcnen.com\/portal\/wp-json\/wp\/v2\/media?parent=408818"}],"wp:term":[{"taxonomy":"category","embeddable":true,"href":"https:\/\/www.pcnen.com\/portal\/wp-json\/wp\/v2\/categories?post=408818"},{"taxonomy":"post_tag","embeddable":true,"href":"https:\/\/www.pcnen.com\/portal\/wp-json\/wp\/v2\/tags?post=408818"}],"curies":[{"name":"wp","href":"https:\/\/api.w.org\/{rel}","templated":true}]}}