{"id":408811,"date":"2024-07-31T16:43:37","date_gmt":"2024-07-31T14:43:37","guid":{"rendered":"https:\/\/www.pcnen.com\/portal\/?p=408811"},"modified":"2024-07-31T16:43:37","modified_gmt":"2024-07-31T14:43:37","slug":"najavljeno-formiranje-bosnjackog-demokratskog-pokreta","status":"publish","type":"post","link":"https:\/\/www.pcnen.com\/portal\/2024\/07\/31\/najavljeno-formiranje-bosnjackog-demokratskog-pokreta\/","title":{"rendered":"Najavljeno formiranje Bo\u0161nja\u010dkog demokratskog pokreta \u00a0"},"content":{"rendered":"<p>Bo\u0161nja\u010dki demokratski pokret (BDP) bi\u0107e bastion odbrane bo\u0161nja\u010dkih interesa u Crnoj Gori, poru\u010deno je sa konferencije za novinare na kojoj je najavljeno skoro formiranje tog politi\u010dkog subjekta.<\/p>\n<p>Jedan od osniva\u010da Sead \u0160ahman, koji je jednoglasno predlo\u017een za predsjednika BDP-a, najavio je da \u0107e BDP biti formiran u narednom periodu jer postoji institucionalna prepreka, zbog rekonstrukcije Vlade.<\/p>\n<p>On je kazao da \u0107e BDP biti zasnovan na ideji superiornosti u odnosu na dosada\u0161nju ponudu Bo\u0161njacima kao gra\u0111anima Crne Gore.<\/p>\n<p>Prema njegovim rije\u010dima, 25 mladih ljudi odva\u017eilo se da ka\u017ee, \u201cne u na\u0161e ime\u201c, onom \u0161to je uradila BS pristupvi\u0161i Vladi, pogaziv\u0161i ideale koje su ba\u0161tinili, prenosi Mina<\/p>\n<p>\u201cOvi ljudi su generacija za 21. vijek. Ovu pri\u010du vidimo ne kao alternativu dosada\u0161njem BS ve\u0107 plediramo da budemo broj jedan me\u0111u bo\u0161nja\u010dkim stanovni\u0161tvom\u201c, rekao je \u0160ahman.<\/p>\n<p>\u0160ahman je istakao da va\u017enu ulogu u osnivanju stranke ima dijaspora, koja je ovih dana u Crnoj Gori i koja poma\u017ee njihove aktivnosti.<\/p>\n","protected":false},"excerpt":{"rendered":"<p>Bo\u0161nja\u010dki demokratski pokret (BDP) bi\u0107e bastion odbrane bo\u0161nja\u010dkih interesa u Crnoj Gori, poru\u010deno je sa konferencije za novinare na kojoj je najavljeno skoro formiranje tog politi\u010dkog subjekta.<\/p>\n","protected":false},"author":1,"featured_media":408816,"comment_status":"open","ping_status":"closed","sticky":false,"template":"","format":"standard","meta":{"_seopress_robots_primary_cat":"none","_seopress_titles_title":"","_seopress_titles_desc":"","_seopress_robots_index":"","_et_pb_use_builder":"","_et_pb_old_content":"","_et_gb_content_width":"","inline_featured_image":false,"footnotes":""},"categories":[14],"tags":[],"class_list":["post-408811","post","type-post","status-publish","format-standard","has-post-thumbnail","hentry","category-vijesti"],"_links":{"self":[{"href":"https:\/\/www.pcnen.com\/portal\/wp-json\/wp\/v2\/posts\/408811","targetHints":{"allow":["GET"]}}],"collection":[{"href":"https:\/\/www.pcnen.com\/portal\/wp-json\/wp\/v2\/posts"}],"about":[{"href":"https:\/\/www.pcnen.com\/portal\/wp-json\/wp\/v2\/types\/post"}],"author":[{"embeddable":true,"href":"https:\/\/www.pcnen.com\/portal\/wp-json\/wp\/v2\/users\/1"}],"replies":[{"embeddable":true,"href":"https:\/\/www.pcnen.com\/portal\/wp-json\/wp\/v2\/comments?post=408811"}],"version-history":[{"count":1,"href":"https:\/\/www.pcnen.com\/portal\/wp-json\/wp\/v2\/posts\/408811\/revisions"}],"predecessor-version":[{"id":408817,"href":"https:\/\/www.pcnen.com\/portal\/wp-json\/wp\/v2\/posts\/408811\/revisions\/408817"}],"wp:featuredmedia":[{"embeddable":true,"href":"https:\/\/www.pcnen.com\/portal\/wp-json\/wp\/v2\/media\/408816"}],"wp:attachment":[{"href":"https:\/\/www.pcnen.com\/portal\/wp-json\/wp\/v2\/media?parent=408811"}],"wp:term":[{"taxonomy":"category","embeddable":true,"href":"https:\/\/www.pcnen.com\/portal\/wp-json\/wp\/v2\/categories?post=408811"},{"taxonomy":"post_tag","embeddable":true,"href":"https:\/\/www.pcnen.com\/portal\/wp-json\/wp\/v2\/tags?post=408811"}],"curies":[{"name":"wp","href":"https:\/\/api.w.org\/{rel}","templated":true}]}}