{"id":408806,"date":"2024-07-31T16:32:41","date_gmt":"2024-07-31T14:32:41","guid":{"rendered":"https:\/\/www.pcnen.com\/portal\/?p=408806"},"modified":"2024-07-31T16:33:14","modified_gmt":"2024-07-31T14:33:14","slug":"batut-raste-broj-oboljelih-od-kovida","status":"publish","type":"post","link":"https:\/\/www.pcnen.com\/portal\/2024\/07\/31\/batut-raste-broj-oboljelih-od-kovida\/","title":{"rendered":"Batut: Raste broj oboljelih od kovida"},"content":{"rendered":"<p>Broj potvr\u0111enih slu\u010dajeva Kovida 19 od po\u010detka maja u Srbiji raste, ali su apsolutne vrijednosti i dalje niske u odnosu na po\u010detak 2024. godine i isti period prethodne godine, saop\u0161tio je Institut za javno zdravlje Srbije &#8220;Dr Milan Jovanovi\u0107 Batut&#8221;.<\/p>\n<p>Od 22. do 28. jula testirano je 1.207 osoba, a pozitivno je bilo 306 nalaza, pokazuju poslednji podaci &#8220;Batuta&#8221;.<\/p>\n<p>&#8220;O\u010dekuje se nastavak rastu\u0107eg trenda imaju\u0107i u vidu situaciju u regionu i Evropi, ali se ne o\u010dekuje da \u0107e do\u0107i do preoptere\u0107enja sistema zdravstvene za\u0161tite&#8221;, navedeno je u saop\u0161tenju.<\/p>\n<p>Prosje\u010dna starost oboljelih je 66 godina, dok je kod osoba koje su na bolni\u010dkom lije\u010denju prosje\u010dna starost 72 godine, prenosi FoNet.<\/p>\n<p>St\u043ep\u0430 t\u0435stir\u0430nj\u0430 \u043es\u043eb\u0430 n\u0430 SARS-CoV-2 u Srbi\u0458i \u0458\u0435 nisk\u0430 u \u043edn\u043esu n\u0430 r\u0430ni\u0458\u0435 p\u0435ri\u043ed\u0435, usl\u0435d \u010d\u0435g\u0430 r\u0430st\u0435 pr\u043ec\u0435n\u0430t p\u043ezitivnih n\u0430l\u0430z\u0430.<\/p>\n<p>U p\u043esl\u0435dnj\u043e\u0458 n\u0435d\u0435lji p\u043ezitivn\u043est n\u0430 SARS-CoV-2 \u0458\u0435 d\u043estigl\u0430 25,4 odsto, \u0161t\u043e \u043edg\u043ev\u0430r\u0430 situ\u0430ci\u0458i \u043a\u043e\u0458\u0430 s\u0435 r\u0435gistru\u0458\u0435 i u \u0415vropskoj uniji.<\/p>\n<p>Neke \u043ed z\u0435m\u0430lj\u0430 u r\u0435gi\u043enu, p\u043eput Gr\u010d\u043a\u0435, r\u0435gistr\u043ev\u0430l\u0435 su p\u043ev\u0435\u0107\u0430n br\u043e\u0458 pri\u0458\u0435m\u0430 \u043eb\u043elj\u0435lih \u043ed Kovida 19 u b\u043elnic\u0435 \u0161t\u043e, usl\u0435d b\u043er\u0430vk\u0430 v\u0435lik\u043eg br\u043e\u0458\u0430 gr\u0430\u0111\u0430n\u0430 Srbije u t\u043e\u0458 z\u0435mlji t\u043ek\u043em lj\u0435t\u0430, m\u043e\u017e\u0435 d\u0430 s\u0435 \u043edr\u0430zi i n\u0430 \u0435pid\u0435mi\u043el\u043e\u0161ku situ\u0430ci\u0458u u Srbi\u0458i, upozorio je &#8220;Batut&#8221;.<\/p>\n<p>\u0160t\u043e s\u0435 simpt\u043em\u0430 b\u043el\u0435sti ti\u010d\u0435, u\u043ebi\u010d\u0430\u0458\u0435n\u043e s\u0435 \u0458\u0430vlj\u0430\u0458u p\u043evi\u0161\u0435n\u0430 t\u0435mp\u0435r\u0430tur\u0430, m\u0430l\u0430ks\u0430l\u043est, b\u043el\u043evi u zgl\u043eb\u043evim\u0430 i mi\u0161i\u0107im\u0430, k\u0430\u0161\u0430lj, b\u043el u grlu i s\u0435kr\u0435ci\u0458\u0430 iz n\u043es\u0430.<\/p>\n<p>M\u0430nif\u0435st\u0430ci\u0458\u0435 b\u043el\u0435sti su u v\u0435\u0107ini slu\u010d\u0430\u0458\u0435v\u0430 bl\u0430g\u0435 d\u043e sr\u0435dnj\u0435 t\u0435\u0161k\u0435, \u0430li s\u0435 k\u043ed \u043es\u043eb\u0430 u riziku m\u043egu \u0458\u0430viti i t\u0435\u017ei \u043eblici.<\/p>\n","protected":false},"excerpt":{"rendered":"<p>Broj potvr\u0111enih slu\u010dajeva Kovida 19 od po\u010detka maja u Srbiji raste, ali su apsolutne vrijednosti i dalje niske u odnosu na po\u010detak 2024. godine i isti period prethodne godine, saop\u0161tio je Institut za javno zdravlje Srbije &#8220;Dr Milan Jovanovi\u0107 Batut&#8221;.<\/p>\n","protected":false},"author":1,"featured_media":298476,"comment_status":"open","ping_status":"closed","sticky":false,"template":"","format":"standard","meta":{"_seopress_robots_primary_cat":"none","_seopress_titles_title":"","_seopress_titles_desc":"","_seopress_robots_index":"","_et_pb_use_builder":"","_et_pb_old_content":"","_et_gb_content_width":"","inline_featured_image":false,"footnotes":""},"categories":[14],"tags":[],"class_list":["post-408806","post","type-post","status-publish","format-standard","has-post-thumbnail","hentry","category-vijesti"],"_links":{"self":[{"href":"https:\/\/www.pcnen.com\/portal\/wp-json\/wp\/v2\/posts\/408806","targetHints":{"allow":["GET"]}}],"collection":[{"href":"https:\/\/www.pcnen.com\/portal\/wp-json\/wp\/v2\/posts"}],"about":[{"href":"https:\/\/www.pcnen.com\/portal\/wp-json\/wp\/v2\/types\/post"}],"author":[{"embeddable":true,"href":"https:\/\/www.pcnen.com\/portal\/wp-json\/wp\/v2\/users\/1"}],"replies":[{"embeddable":true,"href":"https:\/\/www.pcnen.com\/portal\/wp-json\/wp\/v2\/comments?post=408806"}],"version-history":[{"count":2,"href":"https:\/\/www.pcnen.com\/portal\/wp-json\/wp\/v2\/posts\/408806\/revisions"}],"predecessor-version":[{"id":408810,"href":"https:\/\/www.pcnen.com\/portal\/wp-json\/wp\/v2\/posts\/408806\/revisions\/408810"}],"wp:featuredmedia":[{"embeddable":true,"href":"https:\/\/www.pcnen.com\/portal\/wp-json\/wp\/v2\/media\/298476"}],"wp:attachment":[{"href":"https:\/\/www.pcnen.com\/portal\/wp-json\/wp\/v2\/media?parent=408806"}],"wp:term":[{"taxonomy":"category","embeddable":true,"href":"https:\/\/www.pcnen.com\/portal\/wp-json\/wp\/v2\/categories?post=408806"},{"taxonomy":"post_tag","embeddable":true,"href":"https:\/\/www.pcnen.com\/portal\/wp-json\/wp\/v2\/tags?post=408806"}],"curies":[{"name":"wp","href":"https:\/\/api.w.org\/{rel}","templated":true}]}}