{"id":408797,"date":"2024-07-31T11:37:45","date_gmt":"2024-07-31T09:37:45","guid":{"rendered":"https:\/\/www.pcnen.com\/portal\/?p=408797"},"modified":"2024-07-31T11:37:45","modified_gmt":"2024-07-31T09:37:45","slug":"predsjednik-irana-teroristi-okupatori-zazalice-zbog-svog-kukavickog-cina","status":"publish","type":"post","link":"https:\/\/www.pcnen.com\/portal\/2024\/07\/31\/predsjednik-irana-teroristi-okupatori-zazalice-zbog-svog-kukavickog-cina\/","title":{"rendered":"Predsjednik Irana: Teroristi-okupatori za\u017eali\u0107e zbog svog kukavi\u010dkog \u010dina"},"content":{"rendered":"<p>Novoizabrani iranski predsjednik Masud Peze\u0161kijan je poru\u010dio da \u0107e za\u017ealiti teroristi koji su ubili politi\u010dkog lidera Hamasa Ismaila Hanijea.<\/p>\n<p>\u201eIslamska Republika Iran branic\u0301e svoj teritorijalni integritet, dostojanstvo i \u010dast, i u\u010dinic\u0301e da teroristi-okupatori za\u017eale zbog svog kukavi\u010dkog \u010dina\u201c, rekao je Peze\u0161kijan, prenosi Sputnjik.<\/p>\n<p>On je kazao i da \u0107e veza izme\u0111u \u201edva ponosna naroda Irana i Palestine&#8221; biti &#8220;ja\u010da nego ranije, a put otpora i za\u0161tite onih koji su potla\u010deni bic\u0301e ja\u010di nego ikad\u201c.<\/p>\n<p>Korpus \u010duvara islamske revolucije je poru\u010dio da c\u0301e se Izrael suo\u010diti sa \u201ebolnim odgovorom Irana i palestinskog otpora zbog ubistva Hanijeha, koje se pripisuje jevrejskoj dr\u017eavi\u201c.<\/p>\n<blockquote class=\"wp-embedded-content\" data-secret=\"ycWqS4foV0\"><p><a href=\"https:\/\/www.pcnen.com\/portal\/2024\/07\/31\/u-teheranu-ubijen-lider-palestinskog-hamasa\/\">U Teheranu ubijen lider palestinskog Hamasa<\/a><\/p><\/blockquote>\n<p><iframe loading=\"lazy\" class=\"wp-embedded-content\" sandbox=\"allow-scripts\" security=\"restricted\" style=\"position: absolute; visibility: hidden;\" title=\"&#8220;U Teheranu ubijen lider palestinskog Hamasa&#8221; &#8212; PCNEN\" src=\"https:\/\/www.pcnen.com\/portal\/2024\/07\/31\/u-teheranu-ubijen-lider-palestinskog-hamasa\/embed\/#?secret=bmVOQ8eb1v#?secret=ycWqS4foV0\" data-secret=\"ycWqS4foV0\" width=\"600\" height=\"338\" frameborder=\"0\" marginwidth=\"0\" marginheight=\"0\" scrolling=\"no\"><\/iframe><\/p>\n","protected":false},"excerpt":{"rendered":"<p>Novoizabrani iranski predsjednik Masud Peze\u0161kijan je poru\u010dio da \u0107e za\u017ealiti teroristi koji su ubili politi\u010dkog lidera Hamasa Ismaila Hanijea.<\/p>\n","protected":false},"author":1,"featured_media":406490,"comment_status":"open","ping_status":"closed","sticky":false,"template":"","format":"standard","meta":{"_seopress_robots_primary_cat":"none","_seopress_titles_title":"","_seopress_titles_desc":"","_seopress_robots_index":"","_et_pb_use_builder":"","_et_pb_old_content":"","_et_gb_content_width":"","inline_featured_image":false,"footnotes":""},"categories":[14],"tags":[],"class_list":["post-408797","post","type-post","status-publish","format-standard","has-post-thumbnail","hentry","category-vijesti"],"_links":{"self":[{"href":"https:\/\/www.pcnen.com\/portal\/wp-json\/wp\/v2\/posts\/408797","targetHints":{"allow":["GET"]}}],"collection":[{"href":"https:\/\/www.pcnen.com\/portal\/wp-json\/wp\/v2\/posts"}],"about":[{"href":"https:\/\/www.pcnen.com\/portal\/wp-json\/wp\/v2\/types\/post"}],"author":[{"embeddable":true,"href":"https:\/\/www.pcnen.com\/portal\/wp-json\/wp\/v2\/users\/1"}],"replies":[{"embeddable":true,"href":"https:\/\/www.pcnen.com\/portal\/wp-json\/wp\/v2\/comments?post=408797"}],"version-history":[{"count":1,"href":"https:\/\/www.pcnen.com\/portal\/wp-json\/wp\/v2\/posts\/408797\/revisions"}],"predecessor-version":[{"id":408800,"href":"https:\/\/www.pcnen.com\/portal\/wp-json\/wp\/v2\/posts\/408797\/revisions\/408800"}],"wp:featuredmedia":[{"embeddable":true,"href":"https:\/\/www.pcnen.com\/portal\/wp-json\/wp\/v2\/media\/406490"}],"wp:attachment":[{"href":"https:\/\/www.pcnen.com\/portal\/wp-json\/wp\/v2\/media?parent=408797"}],"wp:term":[{"taxonomy":"category","embeddable":true,"href":"https:\/\/www.pcnen.com\/portal\/wp-json\/wp\/v2\/categories?post=408797"},{"taxonomy":"post_tag","embeddable":true,"href":"https:\/\/www.pcnen.com\/portal\/wp-json\/wp\/v2\/tags?post=408797"}],"curies":[{"name":"wp","href":"https:\/\/api.w.org\/{rel}","templated":true}]}}