{"id":408792,"date":"2024-07-31T12:00:19","date_gmt":"2024-07-31T10:00:19","guid":{"rendered":"https:\/\/www.pcnen.com\/portal\/?p=408792"},"modified":"2024-07-31T12:00:19","modified_gmt":"2024-07-31T10:00:19","slug":"zasijeda-skupstina-crne-gore-uzivo-8","status":"publish","type":"post","link":"https:\/\/www.pcnen.com\/portal\/2024\/07\/31\/zasijeda-skupstina-crne-gore-uzivo-8\/","title":{"rendered":"Zasijeda Skup\u0161tina Crne Gore (u\u017eivo)"},"content":{"rendered":"<p>Dnevni red dana\u0161nje sjednice bi\u0107e predlo\u017een na sjednici.<\/p>\n<p>Predsjednik Skup\u0161tine Andrija Mandi\u0107 je ju\u010de zakazanu sjednicu, koja je bila predvi\u0111ena za premijerski sat, <a href=\"https:\/\/www.pcnen.com\/portal\/2024\/07\/30\/mandic-samovoljno-otkazao-sjednicu-skupstine-posvecenu-premijerskom-satu\/\" target=\"_blank\" rel=\"noopener\">samovoljno odgodio<\/a> na neodre\u0111eno vrijeme. To je obrazlo\u017eio navodnom opstrukciojom opozicije koja je probila vrijeme trajanja sjednice Odbora za ekonomiju, finansije i bud\u017eet, na kojoj je na dnevnom redu bilo kontrolno saslu\u0161anje premijera Milojka Spaji\u0107a.<\/p>\n<p><iframe loading=\"lazy\" title=\"YouTube video player\" src=\"https:\/\/www.youtube.com\/embed\/NoMVkH8DYZE?si=h_lqUc0leubBekNM\" width=\"560\" height=\"315\" frameborder=\"0\" allowfullscreen=\"allowfullscreen\"><\/iframe><\/p>\n","protected":false},"excerpt":{"rendered":"<p>Dnevni red dana\u0161nje sjednice bi\u0107e predlo\u017een na sjednici<\/p>\n","protected":false},"author":1,"featured_media":392088,"comment_status":"open","ping_status":"closed","sticky":false,"template":"","format":"standard","meta":{"_seopress_robots_primary_cat":"none","_seopress_titles_title":"","_seopress_titles_desc":"","_seopress_robots_index":"","_et_pb_use_builder":"","_et_pb_old_content":"","_et_gb_content_width":"","inline_featured_image":false,"footnotes":""},"categories":[14],"tags":[],"class_list":["post-408792","post","type-post","status-publish","format-standard","has-post-thumbnail","hentry","category-vijesti"],"_links":{"self":[{"href":"https:\/\/www.pcnen.com\/portal\/wp-json\/wp\/v2\/posts\/408792","targetHints":{"allow":["GET"]}}],"collection":[{"href":"https:\/\/www.pcnen.com\/portal\/wp-json\/wp\/v2\/posts"}],"about":[{"href":"https:\/\/www.pcnen.com\/portal\/wp-json\/wp\/v2\/types\/post"}],"author":[{"embeddable":true,"href":"https:\/\/www.pcnen.com\/portal\/wp-json\/wp\/v2\/users\/1"}],"replies":[{"embeddable":true,"href":"https:\/\/www.pcnen.com\/portal\/wp-json\/wp\/v2\/comments?post=408792"}],"version-history":[{"count":1,"href":"https:\/\/www.pcnen.com\/portal\/wp-json\/wp\/v2\/posts\/408792\/revisions"}],"predecessor-version":[{"id":408795,"href":"https:\/\/www.pcnen.com\/portal\/wp-json\/wp\/v2\/posts\/408792\/revisions\/408795"}],"wp:featuredmedia":[{"embeddable":true,"href":"https:\/\/www.pcnen.com\/portal\/wp-json\/wp\/v2\/media\/392088"}],"wp:attachment":[{"href":"https:\/\/www.pcnen.com\/portal\/wp-json\/wp\/v2\/media?parent=408792"}],"wp:term":[{"taxonomy":"category","embeddable":true,"href":"https:\/\/www.pcnen.com\/portal\/wp-json\/wp\/v2\/categories?post=408792"},{"taxonomy":"post_tag","embeddable":true,"href":"https:\/\/www.pcnen.com\/portal\/wp-json\/wp\/v2\/tags?post=408792"}],"curies":[{"name":"wp","href":"https:\/\/api.w.org\/{rel}","templated":true}]}}