{"id":408762,"date":"2024-07-31T08:46:47","date_gmt":"2024-07-31T06:46:47","guid":{"rendered":"https:\/\/www.pcnen.com\/portal\/?p=408762"},"modified":"2024-07-31T08:46:47","modified_gmt":"2024-07-31T06:46:47","slug":"tanja-sukovic-zrtvama-se-mijenja-nacionalno-ime-sljedbenici-ideologije-fasistickih-sluga-govore-o-antifasizmu-a-cetnicki-vojvoda-o-pomirenju-i-kulturi-sjecanja","status":"publish","type":"post","link":"https:\/\/www.pcnen.com\/portal\/2024\/07\/31\/tanja-sukovic-zrtvama-se-mijenja-nacionalno-ime-sljedbenici-ideologije-fasistickih-sluga-govore-o-antifasizmu-a-cetnicki-vojvoda-o-pomirenju-i-kulturi-sjecanja\/","title":{"rendered":"Tanja \u0160ukovi\u0107: \u017drtvama se mijenja nacionalno ime, sljedbenici ideologije fa\u0161isti\u010dkih sluga govore o antifa\u0161izmu, a \u010detni\u010dki vojvoda o pomirenju i kulturi sje\u0107anja"},"content":{"rendered":"<p>Novinarka TVCG Tanja \u0160ukovi\u0107, koja se predstavila kao potomkinja \u017ertava pokolja u selu Velika 1944. godine, reagovala je povodom obilje\u017eavanja toga zlo\u010dina od strane aktuelne vlasti u Crnoj Gori i Srpske pravoslavne crkve.<\/p>\n<p>&#8220;Obilje\u017eavanje osamdesete godi\u0161njice stradanja u selu Velika, zahvaljuju\u0107i uzvanicima i porukama koje su se \u010dule, izgledalo je upravo kao \u0161to pi\u0161e u naslovu &#8211; kao da je done\u0161eno u\u017ee u ku\u0107u obje\u0161enog! Kako, ina\u010de, druga\u010dije razumjeti morbidnost svega onog \u0161to smo \u010duli i vidjeli? Kojom drugom metaforom opisati odsustvo logike i zdravog razuma \u2013 \u017ertvama se mijenja nacionalno ime, sljedbenici ideologije fa\u0161isti\u010dkih sluga govore o antifa\u0161izmu, a \u010detni\u010dki vojvoda o pomirenju i kulturi sje\u0107anja?<\/p>\n<p>Kao potomak porodice koja ima iskustvo veli\u010dke tragedije, osje\u0107am obavezu i odgovornost da jo\u0161 jednom javno osudim zloupotrebu tragi\u010dnog doga\u0111aja iz na\u0161e pro\u0161losti, bolesne manipulacije i otrovne narative, zarad politikanstva i opasnih velikodr\u017eavnih projekata&#8221;, napisala je Tanja \u0160ukovi\u0107 u tekstu koji je <a href=\"https:\/\/www.antenam.net\/stav\/332683-zasto-donosite-uze-u-kucu-objesenog\" target=\"_blank\" rel=\"noopener\">objavljen<\/a> na portalu radija Antena M.<\/p>\n<p>\u0160ukovi\u0107 je navela da su u operaciji koja je okon\u010dana zlo\u010dinom u kome ubijeno soro 500 nevinih civila u\u010destovali i \u010detnici, \u0161to organizatori doga\u0111aja pre\u0161u\u0107uju, a odgovornost svaljuju na njemake okupatore i njihove kvlislin\u0161ke pomaga\u010de iz redova albanskog i bo\u0161nja\u010dkog naroda.<\/p>\n<p>Velika je bilo partizansko upori\u0161te u tome dijelu Crne Gore.<\/p>\n","protected":false},"excerpt":{"rendered":"<p>Novinarka TVCG Tanja \u0160ukovi\u0107, koja se predstavila kao potomkinja \u017ertava pokolja u selu Velika 1944. godine, reagovala je povodom obilje\u017eavanja toga zlo\u010dina od strane aktuelne vlasti u Crnoj Gori i Srpske pravoslavne crkve<\/p>\n","protected":false},"author":1,"featured_media":408766,"comment_status":"open","ping_status":"closed","sticky":false,"template":"","format":"standard","meta":{"_seopress_robots_primary_cat":"none","_seopress_titles_title":"","_seopress_titles_desc":"","_seopress_robots_index":"","_et_pb_use_builder":"","_et_pb_old_content":"","_et_gb_content_width":"","inline_featured_image":false,"footnotes":""},"categories":[14],"tags":[],"class_list":["post-408762","post","type-post","status-publish","format-standard","has-post-thumbnail","hentry","category-vijesti"],"_links":{"self":[{"href":"https:\/\/www.pcnen.com\/portal\/wp-json\/wp\/v2\/posts\/408762","targetHints":{"allow":["GET"]}}],"collection":[{"href":"https:\/\/www.pcnen.com\/portal\/wp-json\/wp\/v2\/posts"}],"about":[{"href":"https:\/\/www.pcnen.com\/portal\/wp-json\/wp\/v2\/types\/post"}],"author":[{"embeddable":true,"href":"https:\/\/www.pcnen.com\/portal\/wp-json\/wp\/v2\/users\/1"}],"replies":[{"embeddable":true,"href":"https:\/\/www.pcnen.com\/portal\/wp-json\/wp\/v2\/comments?post=408762"}],"version-history":[{"count":1,"href":"https:\/\/www.pcnen.com\/portal\/wp-json\/wp\/v2\/posts\/408762\/revisions"}],"predecessor-version":[{"id":408767,"href":"https:\/\/www.pcnen.com\/portal\/wp-json\/wp\/v2\/posts\/408762\/revisions\/408767"}],"wp:featuredmedia":[{"embeddable":true,"href":"https:\/\/www.pcnen.com\/portal\/wp-json\/wp\/v2\/media\/408766"}],"wp:attachment":[{"href":"https:\/\/www.pcnen.com\/portal\/wp-json\/wp\/v2\/media?parent=408762"}],"wp:term":[{"taxonomy":"category","embeddable":true,"href":"https:\/\/www.pcnen.com\/portal\/wp-json\/wp\/v2\/categories?post=408762"},{"taxonomy":"post_tag","embeddable":true,"href":"https:\/\/www.pcnen.com\/portal\/wp-json\/wp\/v2\/tags?post=408762"}],"curies":[{"name":"wp","href":"https:\/\/api.w.org\/{rel}","templated":true}]}}